{"id":14848,"date":"2026-02-04T15:17:44","date_gmt":"2026-02-04T20:17:44","guid":{"rendered":"https:\/\/sim.unemi.edu.ec\/?p=14848"},"modified":"2026-02-04T15:17:45","modified_gmt":"2026-02-04T20:17:45","slug":"18-reos-mueren-por-tuberculosis-y-desnutricion","status":"publish","type":"post","link":"https:\/\/sim.unemi.edu.ec\/index.php\/2026\/02\/04\/18-reos-mueren-por-tuberculosis-y-desnutricion\/","title":{"rendered":"18 reos mueren por tuberculosis y desnutrici\u00f3n"},"content":{"rendered":"\n<p><em>Crisis sanitaria golpea a la Penitenciar\u00eda del Litoral. Reos fallecen en medio de graves carencias.<\/em><br><\/p>\n\n\n\n<figure class=\"wp-block-image size-full\"><img loading=\"lazy\" decoding=\"async\" width=\"844\" height=\"471\" src=\"https:\/\/sim.unemi.edu.ec\/wp-content\/uploads\/2026\/02\/Foto-API.jpg.jpeg\" alt=\"\" class=\"wp-image-14849\"\/><\/figure>\n\n\n\n<p>Al menos 18 personas privadas de libertad han fallecido en la Penitenciar\u00eda del Litoral en las \u00faltimas 48 horas, con signos de tuberculosis, desnutrici\u00f3n cr\u00f3nica y otras enfermedades, seg\u00fan informaci\u00f3n policial. La situaci\u00f3n ha generado indignaci\u00f3n entre los familiares, quienes acudieron a la morgue de la Polic\u00eda Judicial en Guayaquil para confirmar la identidad de sus allegados.<\/p>\n\n\n\n<p>Los decesos han evidenciado graves falencias en la atenci\u00f3n m\u00e9dica dentro del centro penitenciario. Una madre denunci\u00f3 que, pese a solicitar informaci\u00f3n reiteradamente al Servicio de Atenci\u00f3n a Personas Privadas de la Libertad (SNAI), nunca recibi\u00f3 respuestas sobre el estado de salud de su hijo. \u201cEl d\u00eda jueves 29, un se\u00f1or que sali\u00f3 libre me dice que mi hijo estaba fallecido. Hasta hoy d\u00eda martes que me vienen a decir que s\u00ed, mi hijo est\u00e1 en la lista, que s\u00ed est\u00e1 fallecido\u201d, relat\u00f3.<\/p>\n\n\n\n<p>La mujer indic\u00f3 que su hijo llevaba apenas seis meses recluido cuando contrajo tuberculosis. \u201cImag\u00ednese c\u00f3mo se le comi\u00f3 rapidito esa enfermedad. Lo trajeron ayer, pero \u00e9l ha fallecido el domingo\u201d, afirm\u00f3, evidenciando la rapidez con la que avanz\u00f3 la patolog\u00eda.<\/p>\n\n\n\n<p>Familiares tambi\u00e9n denunciaron retrasos de hasta nueve d\u00edas en la entrega de los cuerpos, los cuales, seg\u00fan indicaron, llegan envueltos en pl\u00e1stico debido al avanzado estado de descomposici\u00f3n. Esta demora estar\u00eda relacionada con la falta de personal en Medicina Legal, tras el contagio de una funcionaria forense.<\/p>\n\n\n\n<p>Desde el colectivo \u201cFamiliares por una Vida Digna\u201d, Ana Morales alert\u00f3 sobre las condiciones indignas en las que se entregan los cad\u00e1veres y exigi\u00f3 acciones urgentes ante la crisis sanitaria que atraviesa el sistema penitenciario del pa\u00eds.<\/p>\n\n\n\n<p class=\"has-small-font-size\"><em><strong>Autora: <\/strong>Lissette Barandica Elizondo &#8211; Practicante del Sistema Integrado de Medios (SIM).<\/em><\/p>\n\n\n\n<p><\/p>\n","protected":false},"excerpt":{"rendered":"<p>Crisis sanitaria golpea a la Penitenciar\u00eda del Litoral. Reos fallecen en medio de graves carencias. Al menos 18 personas privadas de libertad han fallecido en la Penitenciar\u00eda del Litoral en las \u00faltimas 48 horas, con signos de tuberculosis, desnutrici\u00f3n cr\u00f3nica y otras enfermedades, seg\u00fan informaci\u00f3n policial. La situaci\u00f3n ha generado indignaci\u00f3n entre los familiares, quienes [&hellip;]<\/p>\n","protected":false},"author":3,"featured_media":14850,"comment_status":"open","ping_status":"open","sticky":false,"template":"","format":"standard","meta":{"footnotes":""},"categories":[1,81],"tags":[359,360,357,361,358],"class_list":["post-14848","post","type-post","status-publish","format-standard","has-post-thumbnail","hentry","category-nacionales","category-noticias","tag-crisis-carcelaria","tag-derechos-humanos","tag-penitenciaria","tag-salud-publica","tag-tuberculosis"],"_links":{"self":[{"href":"https:\/\/sim.unemi.edu.ec\/index.php\/wp-json\/wp\/v2\/posts\/14848","targetHints":{"allow":["GET"]}}],"collection":[{"href":"https:\/\/sim.unemi.edu.ec\/index.php\/wp-json\/wp\/v2\/posts"}],"about":[{"href":"https:\/\/sim.unemi.edu.ec\/index.php\/wp-json\/wp\/v2\/types\/post"}],"author":[{"embeddable":true,"href":"https:\/\/sim.unemi.edu.ec\/index.php\/wp-json\/wp\/v2\/users\/3"}],"replies":[{"embeddable":true,"href":"https:\/\/sim.unemi.edu.ec\/index.php\/wp-json\/wp\/v2\/comments?post=14848"}],"version-history":[{"count":1,"href":"https:\/\/sim.unemi.edu.ec\/index.php\/wp-json\/wp\/v2\/posts\/14848\/revisions"}],"predecessor-version":[{"id":14851,"href":"https:\/\/sim.unemi.edu.ec\/index.php\/wp-json\/wp\/v2\/posts\/14848\/revisions\/14851"}],"wp:featuredmedia":[{"embeddable":true,"href":"https:\/\/sim.unemi.edu.ec\/index.php\/wp-json\/wp\/v2\/media\/14850"}],"wp:attachment":[{"href":"https:\/\/sim.unemi.edu.ec\/index.php\/wp-json\/wp\/v2\/media?parent=14848"}],"wp:term":[{"taxonomy":"category","embeddable":true,"href":"https:\/\/sim.unemi.edu.ec\/index.php\/wp-json\/wp\/v2\/categories?post=14848"},{"taxonomy":"post_tag","embeddable":true,"href":"https:\/\/sim.unemi.edu.ec\/index.php\/wp-json\/wp\/v2\/tags?post=14848"}],"curies":[{"name":"wp","href":"https:\/\/api.w.org\/{rel}","templated":true}]}}