{"id":14857,"date":"2026-02-05T14:15:07","date_gmt":"2026-02-05T19:15:07","guid":{"rendered":"https:\/\/sim.unemi.edu.ec\/?p=14857"},"modified":"2026-02-05T16:43:38","modified_gmt":"2026-02-05T21:43:38","slug":"unemi-impulsa-formacion-ciudadana-con-jornada-comunitaria-en-naranjal","status":"publish","type":"post","link":"https:\/\/sim.unemi.edu.ec\/index.php\/2026\/02\/05\/unemi-impulsa-formacion-ciudadana-con-jornada-comunitaria-en-naranjal\/","title":{"rendered":"UNEMI impulsa educaci\u00f3n ciudadana con jornada comunitaria en Naranjal"},"content":{"rendered":"\n<p><strong><em>Iniciativa fortalece capacidades sociales y laborales de la comunidad, en temas relacionados con derechos, finanzas y bienestar.<\/em><\/strong><\/p>\n\n\n\n<figure class=\"wp-block-image size-large\"><img loading=\"lazy\" decoding=\"async\" width=\"1024\" height=\"768\" src=\"https:\/\/sim.unemi.edu.ec\/wp-content\/uploads\/2026\/02\/1.jpg-2-1024x768.jpeg\" alt=\"\" class=\"wp-image-14858\"\/><\/figure>\n\n\n\n<p>A trav\u00e9s de la Coordinaci\u00f3n de Educaci\u00f3n Ciudadana del Vicerrectorado de Vinculaci\u00f3n, la Universidad Estatal de Milagro (UNEMI) desarroll\u00f3 una jornada de capacitaci\u00f3n dirigida a la comunidad del cant\u00f3n Naranjal. La actividad se realiz\u00f3 el mi\u00e9rcoles 4 de febrero, entre las 13h00 y las 17h00, en las instalaciones de la Liga Deportiva Cantonal, con la asistencia de 35 moradores.<\/p>\n\n\n\n<p>Durante el encuentro, los participantes recibieron formaci\u00f3n en \u00e1reas clave para su vida personal, laboral y social. Entre los temas abordados constaron los fundamentos constitucionales de los Derechos Humanos, la correcta gesti\u00f3n del ahorro y el presupuesto personal, estrategias para el manejo del estr\u00e9s y herramientas para fortalecer la imagen profesional en el \u00e1mbito laboral.<\/p>\n\n\n\n<p>\u00c1ngel Salazar, uno de los asistentes, destac\u00f3 el impacto positivo de la capacitaci\u00f3n. \u201cC\u00f3mo no estar contento con esta capacitaci\u00f3n, agradecer al doctor Fabricio Guevara, rector de la UNEMI. Esta charla ha sido muy beneficiosa para la comunidad porque hay muchos ciudadanos que desconocemos nuestros derechos y obligaciones\u201d, se\u00f1al\u00f3. Por su parte, el Dr. Manuel Narv\u00e1ez resalt\u00f3 el valor de la iniciativa universitaria y afirm\u00f3: \u201cConsideramos fundamental la participaci\u00f3n ciudadana para el crecimiento de nuestro cant\u00f3n\u00bb.<\/p>\n\n\n\n<p class=\"has-small-font-size\"><strong><em>Fuente:<\/em><\/strong> <em>Direcci\u00f3n de Comunicaci\u00f3n Institucional de UNEMI.<\/em><\/p>\n\n\n\n<p><\/p>\n","protected":false},"excerpt":{"rendered":"<p>Iniciativa fortalece capacidades sociales y laborales de la comunidad, en temas relacionados con derechos, finanzas y bienestar. A trav\u00e9s de la Coordinaci\u00f3n de Educaci\u00f3n Ciudadana del Vicerrectorado de Vinculaci\u00f3n, la Universidad Estatal de Milagro (UNEMI) desarroll\u00f3 una jornada de capacitaci\u00f3n dirigida a la comunidad del cant\u00f3n Naranjal. La actividad se realiz\u00f3 el mi\u00e9rcoles 4 de [&hellip;]<\/p>\n","protected":false},"author":8,"featured_media":14859,"comment_status":"open","ping_status":"open","sticky":false,"template":"","format":"standard","meta":{"footnotes":""},"categories":[81,80],"tags":[70,368,369,110,367],"class_list":["post-14857","post","type-post","status-publish","format-standard","has-post-thumbnail","hentry","category-noticias","category-noticias_institucionales","tag-capacitacion","tag-comunidad","tag-educacion","tag-unemi-2","tag-vinculacion"],"_links":{"self":[{"href":"https:\/\/sim.unemi.edu.ec\/index.php\/wp-json\/wp\/v2\/posts\/14857","targetHints":{"allow":["GET"]}}],"collection":[{"href":"https:\/\/sim.unemi.edu.ec\/index.php\/wp-json\/wp\/v2\/posts"}],"about":[{"href":"https:\/\/sim.unemi.edu.ec\/index.php\/wp-json\/wp\/v2\/types\/post"}],"author":[{"embeddable":true,"href":"https:\/\/sim.unemi.edu.ec\/index.php\/wp-json\/wp\/v2\/users\/8"}],"replies":[{"embeddable":true,"href":"https:\/\/sim.unemi.edu.ec\/index.php\/wp-json\/wp\/v2\/comments?post=14857"}],"version-history":[{"count":4,"href":"https:\/\/sim.unemi.edu.ec\/index.php\/wp-json\/wp\/v2\/posts\/14857\/revisions"}],"predecessor-version":[{"id":14873,"href":"https:\/\/sim.unemi.edu.ec\/index.php\/wp-json\/wp\/v2\/posts\/14857\/revisions\/14873"}],"wp:featuredmedia":[{"embeddable":true,"href":"https:\/\/sim.unemi.edu.ec\/index.php\/wp-json\/wp\/v2\/media\/14859"}],"wp:attachment":[{"href":"https:\/\/sim.unemi.edu.ec\/index.php\/wp-json\/wp\/v2\/media?parent=14857"}],"wp:term":[{"taxonomy":"category","embeddable":true,"href":"https:\/\/sim.unemi.edu.ec\/index.php\/wp-json\/wp\/v2\/categories?post=14857"},{"taxonomy":"post_tag","embeddable":true,"href":"https:\/\/sim.unemi.edu.ec\/index.php\/wp-json\/wp\/v2\/tags?post=14857"}],"curies":[{"name":"wp","href":"https:\/\/api.w.org\/{rel}","templated":true}]}}