{"id":14866,"date":"2026-02-05T15:18:39","date_gmt":"2026-02-05T20:18:39","guid":{"rendered":"https:\/\/sim.unemi.edu.ec\/?p=14866"},"modified":"2026-02-05T15:18:39","modified_gmt":"2026-02-05T20:18:39","slug":"suspension-minera-provoca-repliegue-ilegal-en-napo","status":"publish","type":"post","link":"https:\/\/sim.unemi.edu.ec\/index.php\/2026\/02\/05\/suspension-minera-provoca-repliegue-ilegal-en-napo\/","title":{"rendered":"Suspensi\u00f3n minera provoca repliegue ilegal en Napo"},"content":{"rendered":"\n<p><strong><em>Comunidades monitorean salida de maquinaria mientras el Gobierno ordena paralizaci\u00f3n total de actividades.<\/em><\/strong><\/p>\n\n\n\n<figure class=\"wp-block-image size-full\"><img loading=\"lazy\" decoding=\"async\" width=\"551\" height=\"310\" src=\"https:\/\/sim.unemi.edu.ec\/wp-content\/uploads\/2026\/02\/3.jpg.jpeg\" alt=\"\" class=\"wp-image-14867\"\/><\/figure>\n\n\n\n<p>Desde que el Gobierno dispuso la suspensi\u00f3n de la actividad minera en la provincia amaz\u00f3nica de Napo, mineros ilegales han comenzado a retirar maquinaria pesada y desmontar campamentos, seg\u00fan reportes de comunidades locales que se oponen a esta actividad extractiva.<\/p>\n\n\n\n<p>La paralizaci\u00f3n fue ordenada por el Ministerio de Ambiente y Energ\u00eda a partir del 2 de febrero de 2026, mediante una resoluci\u00f3n que proh\u00edbe toda actividad minera, tanto met\u00e1lica como no met\u00e1lica, en la provincia. Pobladores de la zona cuestionan la forma en que se ejecuta la medida. \u201cEs clara la estrategia por parte del Gobierno; as\u00ed como los dejaron entrar libremente, as\u00ed mismo los est\u00e1n dejando salir, sin ninguna restricci\u00f3n. Los dejaron minar hasta cuando quisieron y ahora como se ven seriamente cuestionados, los dejan salir\u201d, expres\u00f3 un habitante del sector.<\/p>\n\n\n\n<p>La resoluci\u00f3n ministerial tambi\u00e9n contempla la suspensi\u00f3n de plantas de beneficio para el procesamiento de oro en el cant\u00f3n Portovelo, en El Oro, y en la provincia de Loja. El mismo d\u00eda, la ministra In\u00e9s Manzano anunci\u00f3 la convocatoria al Comit\u00e9 de Operaciones de Emergencia (COE) para analizar la contaminaci\u00f3n ambiental en Napo, una de las provincias m\u00e1s afectadas por la miner\u00eda ilegal.<\/p>\n\n\n\n<p>Manzano se\u00f1al\u00f3 adem\u00e1s que uno de los principales problemas radica en que concesiones otorgadas a peque\u00f1os mineros o artesanales son alquiladas a grupos ilegales. Durante 2025, la Fiscal\u00eda registr\u00f3 33 denuncias por miner\u00eda ilegal en Napo, mientras que la Arcom identifica a esta provincia entre las 16 con mayor presencia de operaciones il\u00edcitas vinculadas incluso a grupos armados.<\/p>\n\n\n\n<p class=\"has-small-font-size\"><em><strong>Autora:<\/strong> Maria Isabel Salazar &#8211; Practicante del Sistema Integrado de Medios (SIM).<\/em><\/p>\n\n\n\n<p><\/p>\n","protected":false},"excerpt":{"rendered":"<p>Comunidades monitorean salida de maquinaria mientras el Gobierno ordena paralizaci\u00f3n total de actividades. Desde que el Gobierno dispuso la suspensi\u00f3n de la actividad minera en la provincia amaz\u00f3nica de Napo, mineros ilegales han comenzado a retirar maquinaria pesada y desmontar campamentos, seg\u00fan reportes de comunidades locales que se oponen a esta actividad extractiva. La paralizaci\u00f3n [&hellip;]<\/p>\n","protected":false},"author":8,"featured_media":14868,"comment_status":"open","ping_status":"open","sticky":false,"template":"","format":"standard","meta":{"footnotes":""},"categories":[1,81],"tags":[240,208,175,374,375],"class_list":["post-14866","post","type-post","status-publish","format-standard","has-post-thumbnail","hentry","category-nacionales","category-noticias","tag-amazonia","tag-contaminacion","tag-gobierno","tag-mineria-ilegal","tag-napo"],"_links":{"self":[{"href":"https:\/\/sim.unemi.edu.ec\/index.php\/wp-json\/wp\/v2\/posts\/14866","targetHints":{"allow":["GET"]}}],"collection":[{"href":"https:\/\/sim.unemi.edu.ec\/index.php\/wp-json\/wp\/v2\/posts"}],"about":[{"href":"https:\/\/sim.unemi.edu.ec\/index.php\/wp-json\/wp\/v2\/types\/post"}],"author":[{"embeddable":true,"href":"https:\/\/sim.unemi.edu.ec\/index.php\/wp-json\/wp\/v2\/users\/8"}],"replies":[{"embeddable":true,"href":"https:\/\/sim.unemi.edu.ec\/index.php\/wp-json\/wp\/v2\/comments?post=14866"}],"version-history":[{"count":1,"href":"https:\/\/sim.unemi.edu.ec\/index.php\/wp-json\/wp\/v2\/posts\/14866\/revisions"}],"predecessor-version":[{"id":14869,"href":"https:\/\/sim.unemi.edu.ec\/index.php\/wp-json\/wp\/v2\/posts\/14866\/revisions\/14869"}],"wp:featuredmedia":[{"embeddable":true,"href":"https:\/\/sim.unemi.edu.ec\/index.php\/wp-json\/wp\/v2\/media\/14868"}],"wp:attachment":[{"href":"https:\/\/sim.unemi.edu.ec\/index.php\/wp-json\/wp\/v2\/media?parent=14866"}],"wp:term":[{"taxonomy":"category","embeddable":true,"href":"https:\/\/sim.unemi.edu.ec\/index.php\/wp-json\/wp\/v2\/categories?post=14866"},{"taxonomy":"post_tag","embeddable":true,"href":"https:\/\/sim.unemi.edu.ec\/index.php\/wp-json\/wp\/v2\/tags?post=14866"}],"curies":[{"name":"wp","href":"https:\/\/api.w.org\/{rel}","templated":true}]}}