{"id":14874,"date":"2026-02-06T16:37:09","date_gmt":"2026-02-06T21:37:09","guid":{"rendered":"https:\/\/sim.unemi.edu.ec\/?p=14874"},"modified":"2026-02-06T16:37:09","modified_gmt":"2026-02-06T21:37:09","slug":"comision-de-fiscalizacion-alista-posible-defensa-de-mario-godoy","status":"publish","type":"post","link":"https:\/\/sim.unemi.edu.ec\/index.php\/2026\/02\/06\/comision-de-fiscalizacion-alista-posible-defensa-de-mario-godoy\/","title":{"rendered":"Comisi\u00f3n de Fiscalizaci\u00f3n alista posible defensa de Mario Godoy"},"content":{"rendered":"\n<p><em>El presidente del organismo legislativo confirm\u00f3 que ya se recibieron informes clave que permitir\u00edan al funcionario ejercer su derecho a la defensa.<\/em><br><\/p>\n\n\n\n<figure class=\"wp-block-image size-full\"><img loading=\"lazy\" decoding=\"async\" width=\"567\" height=\"378\" src=\"https:\/\/sim.unemi.edu.ec\/wp-content\/uploads\/2026\/02\/1-2.jpg.jpeg\" alt=\"\" class=\"wp-image-14875\"\/><\/figure>\n\n\n\n<p>El proceso de juicio pol\u00edtico contra Mario Godoy avanza en la Comisi\u00f3n de Fiscalizaci\u00f3n de la Asamblea Nacional. Seg\u00fan inform\u00f3 su presidente, Ferdinan \u00c1lvarez, el titular del Consejo de la Judicatura podr\u00eda comparecer este viernes 6 de febrero para presentar su defensa dentro del proceso por presunto incumplimiento de funciones.<\/p>\n\n\n\n<p>La informaci\u00f3n fue confirmada por el legislador de Acci\u00f3n Democr\u00e1tica Nacional (ADN) durante un breve di\u00e1logo con la prensa, previo a la sesi\u00f3n de este jueves, en la que los proponentes del juicio continuaron con la presentaci\u00f3n de testigos. \u00c1lvarez se\u00f1al\u00f3 que ya se recibieron las respuestas a los pedidos de informaci\u00f3n solicitados por Godoy al Ministerio del Interior y al Consejo de la Judicatura, lo que habilitar\u00eda su intervenci\u00f3n.<\/p>\n\n\n\n<p>En esta jornada est\u00e1 prevista la comparecencia de varios testigos vinculados al corre\u00edsmo, entre ellos Milton Castillo, Alejandro Mu\u00f1oz, Washington Andrade, Jorge Pe\u00f1afiel y Ramiro Garc\u00eda, quien no concluy\u00f3 su intervenci\u00f3n el mi\u00e9rcoles. El juicio es impulsado por cinco legisladores de la Revoluci\u00f3n Ciudadana (RC), quienes acusan a Godoy de haber presionado a un exjuez anticorrupci\u00f3n para favorecer a un ciudadano serbio vinculado al narcotr\u00e1fico.<\/p>\n\n\n\n<p>Durante el desarrollo del proceso, se han registrado cruces y acusaciones entre ambas partes. La asamble\u00edsta Viviana Veloz cuestion\u00f3 la imparcialidad de la Comisi\u00f3n y asegur\u00f3 que se estar\u00eda beneficiando a Godoy al permitirle contar con defensa legal. Por su parte, el funcionario ha negado cualquier v\u00ednculo con estructuras criminales y ha criticado que parte de las pruebas presentadas se sustenten en publicaciones period\u00edsticas.<\/p>\n\n\n\n<p class=\"has-small-font-size\"><em><strong>Autora:<\/strong> Mar\u00eda Isabel Salazar Mu\u00f1oz &#8211; Practicante del Sistema de Medios (SIM).<\/em><\/p>\n","protected":false},"excerpt":{"rendered":"<p>El presidente del organismo legislativo confirm\u00f3 que ya se recibieron informes clave que permitir\u00edan al funcionario ejercer su derecho a la defensa. El proceso de juicio pol\u00edtico contra Mario Godoy avanza en la Comisi\u00f3n de Fiscalizaci\u00f3n de la Asamblea Nacional. Seg\u00fan inform\u00f3 su presidente, Ferdinan \u00c1lvarez, el titular del Consejo de la Judicatura podr\u00eda comparecer [&hellip;]<\/p>\n","protected":false},"author":8,"featured_media":14876,"comment_status":"open","ping_status":"open","sticky":false,"template":"","format":"standard","meta":{"footnotes":""},"categories":[1,81],"tags":[377,380,378,376,379],"class_list":["post-14874","post","type-post","status-publish","format-standard","has-post-thumbnail","hentry","category-nacionales","category-noticias","tag-asamblea","tag-consejo-judicatura","tag-fiscalizacion","tag-juicio-politico","tag-politica-ecuador"],"_links":{"self":[{"href":"https:\/\/sim.unemi.edu.ec\/index.php\/wp-json\/wp\/v2\/posts\/14874","targetHints":{"allow":["GET"]}}],"collection":[{"href":"https:\/\/sim.unemi.edu.ec\/index.php\/wp-json\/wp\/v2\/posts"}],"about":[{"href":"https:\/\/sim.unemi.edu.ec\/index.php\/wp-json\/wp\/v2\/types\/post"}],"author":[{"embeddable":true,"href":"https:\/\/sim.unemi.edu.ec\/index.php\/wp-json\/wp\/v2\/users\/8"}],"replies":[{"embeddable":true,"href":"https:\/\/sim.unemi.edu.ec\/index.php\/wp-json\/wp\/v2\/comments?post=14874"}],"version-history":[{"count":1,"href":"https:\/\/sim.unemi.edu.ec\/index.php\/wp-json\/wp\/v2\/posts\/14874\/revisions"}],"predecessor-version":[{"id":14877,"href":"https:\/\/sim.unemi.edu.ec\/index.php\/wp-json\/wp\/v2\/posts\/14874\/revisions\/14877"}],"wp:featuredmedia":[{"embeddable":true,"href":"https:\/\/sim.unemi.edu.ec\/index.php\/wp-json\/wp\/v2\/media\/14876"}],"wp:attachment":[{"href":"https:\/\/sim.unemi.edu.ec\/index.php\/wp-json\/wp\/v2\/media?parent=14874"}],"wp:term":[{"taxonomy":"category","embeddable":true,"href":"https:\/\/sim.unemi.edu.ec\/index.php\/wp-json\/wp\/v2\/categories?post=14874"},{"taxonomy":"post_tag","embeddable":true,"href":"https:\/\/sim.unemi.edu.ec\/index.php\/wp-json\/wp\/v2\/tags?post=14874"}],"curies":[{"name":"wp","href":"https:\/\/api.w.org\/{rel}","templated":true}]}}