{"id":14882,"date":"2026-02-06T17:17:38","date_gmt":"2026-02-06T22:17:38","guid":{"rendered":"https:\/\/sim.unemi.edu.ec\/?p=14882"},"modified":"2026-02-06T17:17:38","modified_gmt":"2026-02-06T22:17:38","slug":"fuego-estructural-genera-alarma-en-tradicional-barrio-de-quito","status":"publish","type":"post","link":"https:\/\/sim.unemi.edu.ec\/index.php\/2026\/02\/06\/fuego-estructural-genera-alarma-en-tradicional-barrio-de-quito\/","title":{"rendered":"Fuego estructural genera alarma en tradicional barrio de Quito"},"content":{"rendered":"\n<p><strong><em>Bomberos evitaron la propagaci\u00f3n del incendio a casas aleda\u00f1as durante una emergencia registrada al amanecer.<\/em><\/strong><\/p>\n\n\n\n<figure class=\"wp-block-image size-full\"><img loading=\"lazy\" decoding=\"async\" width=\"545\" height=\"306\" src=\"https:\/\/sim.unemi.edu.ec\/wp-content\/uploads\/2026\/02\/3.jpg-1.jpeg\" alt=\"\" class=\"wp-image-14883\"\/><\/figure>\n\n\n\n<p>Un incendio estructural registrado la madrugada de este viernes 6 de febrero de 2026 gener\u00f3 alarma entre los habitantes del barrio La Tola, en el Centro Hist\u00f3rico de Quito. El siniestro se produjo en una vivienda ubicada en la intersecci\u00f3n de las calles Valpara\u00edso y Brice\u00f1o, en las inmediaciones del sector de San Blas.<\/p>\n\n\n\n<p>El Cuerpo de Bomberos de Quito despleg\u00f3 varias unidades para combatir las llamas, que se propagaron r\u00e1pidamente al interior del inmueble y alcanzaron la cubierta del techo. Desde la v\u00eda p\u00fablica, el fuego era visible, lo que provoc\u00f3 preocupaci\u00f3n entre los vecinos.<\/p>\n\n\n\n<p>Moradores del sector manifestaron su temor debido a que las llamas llegaron hasta el tendido el\u00e9ctrico, lo que increment\u00f3 el riesgo de un cortocircuito y la posible interrupci\u00f3n del servicio. Como medida preventiva, la calle Valpara\u00edso fue cerrada al tr\u00e1nsito vehicular desde La Mar\u00edn hasta El Dorado mientras se realizaban las labores de control.<\/p>\n\n\n\n<p>Gracias a la r\u00e1pida intervenci\u00f3n de los bomberos, se evit\u00f3 el colapso de la estructura y la propagaci\u00f3n del incendio a viviendas cercanas. Una residente expres\u00f3 su preocupaci\u00f3n ante la posibilidad de que el fuego alcanzara su hogar.<\/p>\n\n\n\n<p>Las autoridades confirmaron que no hubo personas dentro del inmueble al momento del siniestro, por lo que no se reportaron v\u00edctimas. Las causas del incendio a\u00fan est\u00e1n siendo investigadas.<\/p>\n\n\n\n<p class=\"has-small-font-size\"><em><strong>Autora: <\/strong>Lisbeth Alvarado Sernaque &#8211; Practicante del Sistema Integrado de Medios (SIM).<\/em><\/p>\n\n\n\n<p><\/p>\n","protected":false},"excerpt":{"rendered":"<p>Bomberos evitaron la propagaci\u00f3n del incendio a casas aleda\u00f1as durante una emergencia registrada al amanecer. Un incendio estructural registrado la madrugada de este viernes 6 de febrero de 2026 gener\u00f3 alarma entre los habitantes del barrio La Tola, en el Centro Hist\u00f3rico de Quito. El siniestro se produjo en una vivienda ubicada en la intersecci\u00f3n [&hellip;]<\/p>\n","protected":false},"author":8,"featured_media":14884,"comment_status":"open","ping_status":"open","sticky":false,"template":"","format":"standard","meta":{"footnotes":""},"categories":[1,81],"tags":[385,387,386,384,309],"class_list":["post-14882","post","type-post","status-publish","format-standard","has-post-thumbnail","hentry","category-nacionales","category-noticias","tag-bomberos","tag-centro-historico","tag-emergencia","tag-incendio","tag-quito"],"_links":{"self":[{"href":"https:\/\/sim.unemi.edu.ec\/index.php\/wp-json\/wp\/v2\/posts\/14882","targetHints":{"allow":["GET"]}}],"collection":[{"href":"https:\/\/sim.unemi.edu.ec\/index.php\/wp-json\/wp\/v2\/posts"}],"about":[{"href":"https:\/\/sim.unemi.edu.ec\/index.php\/wp-json\/wp\/v2\/types\/post"}],"author":[{"embeddable":true,"href":"https:\/\/sim.unemi.edu.ec\/index.php\/wp-json\/wp\/v2\/users\/8"}],"replies":[{"embeddable":true,"href":"https:\/\/sim.unemi.edu.ec\/index.php\/wp-json\/wp\/v2\/comments?post=14882"}],"version-history":[{"count":1,"href":"https:\/\/sim.unemi.edu.ec\/index.php\/wp-json\/wp\/v2\/posts\/14882\/revisions"}],"predecessor-version":[{"id":14885,"href":"https:\/\/sim.unemi.edu.ec\/index.php\/wp-json\/wp\/v2\/posts\/14882\/revisions\/14885"}],"wp:featuredmedia":[{"embeddable":true,"href":"https:\/\/sim.unemi.edu.ec\/index.php\/wp-json\/wp\/v2\/media\/14884"}],"wp:attachment":[{"href":"https:\/\/sim.unemi.edu.ec\/index.php\/wp-json\/wp\/v2\/media?parent=14882"}],"wp:term":[{"taxonomy":"category","embeddable":true,"href":"https:\/\/sim.unemi.edu.ec\/index.php\/wp-json\/wp\/v2\/categories?post=14882"},{"taxonomy":"post_tag","embeddable":true,"href":"https:\/\/sim.unemi.edu.ec\/index.php\/wp-json\/wp\/v2\/tags?post=14882"}],"curies":[{"name":"wp","href":"https:\/\/api.w.org\/{rel}","templated":true}]}}