{"id":14898,"date":"2026-02-09T12:33:07","date_gmt":"2026-02-09T17:33:07","guid":{"rendered":"https:\/\/sim.unemi.edu.ec\/?p=14898"},"modified":"2026-02-09T12:33:08","modified_gmt":"2026-02-09T17:33:08","slug":"comision-decidira-futuro-del-juicio-contra-mario-godoy","status":"publish","type":"post","link":"https:\/\/sim.unemi.edu.ec\/index.php\/2026\/02\/09\/comision-decidira-futuro-del-juicio-contra-mario-godoy\/","title":{"rendered":"Comisi\u00f3n decidir\u00e1 futuro del juicio contra Mario Godoy"},"content":{"rendered":"\n<p><em>Fiscalizaci\u00f3n eval\u00faa si recomienda continuar o archivar el proceso pol\u00edtico. El presidente del Consejo de la Judicatura asegura que no existen pruebas que sustenten el proceso en su contra.<\/em><\/p>\n\n\n\n<figure class=\"wp-block-image size-large\"><img loading=\"lazy\" decoding=\"async\" width=\"1024\" height=\"575\" src=\"https:\/\/sim.unemi.edu.ec\/wp-content\/uploads\/2026\/02\/Imagen-Captura-de-video-de-Ecuavisa.jpg-1024x575.jpeg\" alt=\"\" class=\"wp-image-14900\"\/><\/figure>\n\n\n\n<p>El presidente del Consejo de la Judicatura, Mario Godoy, solicit\u00f3 formalmente a la Comisi\u00f3n de Fiscalizaci\u00f3n de la Asamblea Nacional que se archive el juicio pol\u00edtico iniciado en su contra por un supuesto incumplimiento de funciones.<\/p>\n\n\n\n<p>La iniciativa fue presentada por legisladores de la bancada de la Revoluci\u00f3n Ciudadana y se sustenta en cuatro acusaciones principales: presunta interferencia en procesos judiciales, conflicto de intereses, falta de acciones para proteger a jueces y un supuesto encubrimiento institucional a un funcionario del sistema judicial.<\/p>\n\n\n\n<p>Durante su comparecencia, Godoy asegur\u00f3 que el proceso carece de sustento legal y probatorio. Sostuvo que no existe evidencia que demuestre una actuaci\u00f3n directa de su parte en decisiones jurisdiccionales y reiter\u00f3 que su cargo no puede ser responsabilizado sin pruebas concretas de intervenci\u00f3n.<\/p>\n\n\n\n<p>Entre los se\u00f1alamientos analizados consta una supuesta presi\u00f3n a la jueza Nubia Vera en una acci\u00f3n de protecci\u00f3n vinculada con la exvicepresidenta Ver\u00f3nica Abad, as\u00ed como una presunta interferencia en un caso penal por lavado de activos. Godoy afirm\u00f3 que no particip\u00f3 en ninguno de estos hechos y que incluso se encontraba fuera del pa\u00eds durante uno de los episodios mencionados.<\/p>\n\n\n\n<p>El titular de la Judicatura argument\u00f3 adem\u00e1s que el principio de independencia judicial impide atribuir responsabilidades pol\u00edticas sin la demostraci\u00f3n expresa de una actuaci\u00f3n irregular. La fase de presentaci\u00f3n de pruebas concluir\u00e1 este martes y, posteriormente, la Comisi\u00f3n tendr\u00e1 cinco d\u00edas para emitir el informe que determinar\u00e1 si el proceso avanza o se archiva en el pleno legislativo.<\/p>\n\n\n\n<p class=\"has-small-font-size\"><em>Autora: Lissette Barandica Elizondo &#8211; Practicante del Sistema de Medios (SIM).<\/em><\/p>\n\n\n\n<p><\/p>\n","protected":false},"excerpt":{"rendered":"<p>Fiscalizaci\u00f3n eval\u00faa si recomienda continuar o archivar el proceso pol\u00edtico. El presidente del Consejo de la Judicatura asegura que no existen pruebas que sustenten el proceso en su contra. El presidente del Consejo de la Judicatura, Mario Godoy, solicit\u00f3 formalmente a la Comisi\u00f3n de Fiscalizaci\u00f3n de la Asamblea Nacional que se archive el juicio pol\u00edtico [&hellip;]<\/p>\n","protected":false},"author":7,"featured_media":14901,"comment_status":"open","ping_status":"open","sticky":false,"template":"","format":"standard","meta":{"footnotes":""},"categories":[1,81],"tags":[377,378,389,388,376],"class_list":["post-14898","post","type-post","status-publish","format-standard","has-post-thumbnail","hentry","category-nacionales","category-noticias","tag-asamblea","tag-fiscalizacion","tag-independenciajudicial","tag-judicatura","tag-juicio-politico"],"_links":{"self":[{"href":"https:\/\/sim.unemi.edu.ec\/index.php\/wp-json\/wp\/v2\/posts\/14898","targetHints":{"allow":["GET"]}}],"collection":[{"href":"https:\/\/sim.unemi.edu.ec\/index.php\/wp-json\/wp\/v2\/posts"}],"about":[{"href":"https:\/\/sim.unemi.edu.ec\/index.php\/wp-json\/wp\/v2\/types\/post"}],"author":[{"embeddable":true,"href":"https:\/\/sim.unemi.edu.ec\/index.php\/wp-json\/wp\/v2\/users\/7"}],"replies":[{"embeddable":true,"href":"https:\/\/sim.unemi.edu.ec\/index.php\/wp-json\/wp\/v2\/comments?post=14898"}],"version-history":[{"count":1,"href":"https:\/\/sim.unemi.edu.ec\/index.php\/wp-json\/wp\/v2\/posts\/14898\/revisions"}],"predecessor-version":[{"id":14902,"href":"https:\/\/sim.unemi.edu.ec\/index.php\/wp-json\/wp\/v2\/posts\/14898\/revisions\/14902"}],"wp:featuredmedia":[{"embeddable":true,"href":"https:\/\/sim.unemi.edu.ec\/index.php\/wp-json\/wp\/v2\/media\/14901"}],"wp:attachment":[{"href":"https:\/\/sim.unemi.edu.ec\/index.php\/wp-json\/wp\/v2\/media?parent=14898"}],"wp:term":[{"taxonomy":"category","embeddable":true,"href":"https:\/\/sim.unemi.edu.ec\/index.php\/wp-json\/wp\/v2\/categories?post=14898"},{"taxonomy":"post_tag","embeddable":true,"href":"https:\/\/sim.unemi.edu.ec\/index.php\/wp-json\/wp\/v2\/tags?post=14898"}],"curies":[{"name":"wp","href":"https:\/\/api.w.org\/{rel}","templated":true}]}}