{"id":14903,"date":"2026-02-09T12:50:19","date_gmt":"2026-02-09T17:50:19","guid":{"rendered":"https:\/\/sim.unemi.edu.ec\/?p=14903"},"modified":"2026-02-09T12:50:20","modified_gmt":"2026-02-09T17:50:20","slug":"camaras-revelan-pista-clave-en-doble-asesinato-en-quevedo","status":"publish","type":"post","link":"https:\/\/sim.unemi.edu.ec\/index.php\/2026\/02\/09\/camaras-revelan-pista-clave-en-doble-asesinato-en-quevedo\/","title":{"rendered":"C\u00e1maras revelan pista clave en doble asesinato en Quevedo"},"content":{"rendered":"\n<p><em>Las autoridades buscan a tres mujeres captadas saliendo del hotel. Las v\u00edctimas habr\u00edan sido escopolaminadas antes del ataque.<\/em><\/p>\n\n\n\n<figure class=\"wp-block-gallery has-nested-images columns-default is-cropped wp-block-gallery-1 is-layout-flex wp-block-gallery-is-layout-flex\">\n<figure class=\"wp-block-image size-large\"><img loading=\"lazy\" decoding=\"async\" width=\"1024\" height=\"570\" data-id=\"14904\" src=\"https:\/\/sim.unemi.edu.ec\/wp-content\/uploads\/2026\/02\/Imagen-Captura-de-video.jpg-1024x570.jpeg\" alt=\"\" class=\"wp-image-14904\"\/><\/figure>\n<\/figure>\n\n\n\n<p>Un video de c\u00e1maras de seguridad se ha convertido en un elemento central dentro de la investigaci\u00f3n por el doble asesinato ocurrido la madrugada del s\u00e1bado 7 de febrero en un hotel del centro de Quevedo, donde murieron un polic\u00eda en servicio activo y un civil.<\/p>\n\n\n\n<p>Las grabaciones muestran a tres mujeres abandonando el establecimiento horas antes de que se reportara la emergencia. Seg\u00fan informaci\u00f3n policial, durante la madrugada ingresaron al hotel cuatro hombres \u2014tres polic\u00edas y un civil\u2014 acompa\u00f1ados por las mujeres, quienes posteriormente se retiraron del lugar.<\/p>\n\n\n\n<p>Cuando las unidades policiales acudieron al sitio, encontraron a las v\u00edctimas semidesnudas y con heridas causadas por arma blanca. Los informes m\u00e9dicos preliminares indican que los hombres habr\u00edan sido escopolaminados antes de ser atacados.<\/p>\n\n\n\n<p>Durante las pericias tambi\u00e9n se constat\u00f3 la desaparici\u00f3n de un arma de dotaci\u00f3n policial, dos tel\u00e9fonos celulares y dinero en efectivo. Nuevas im\u00e1genes de videovigilancia reforzar\u00edan la hip\u00f3tesis investigativa que vincula a las tres mujeres con el hecho violento, aunque hasta el momento no han sido identificadas.<\/p>\n\n\n\n<p>Henry Herrera, jefe de la Zona 5 de la Polic\u00eda Nacional, confirm\u00f3 que se ejecutan varias diligencias para esclarecer el caso y ubicar a las presuntas implicadas. Las autoridades mantienen activa la b\u00fasqueda mientras el hecho contin\u00faa generando conmoci\u00f3n en la ciudad.<\/p>\n\n\n\n<p class=\"has-small-font-size\"><em>Autora: Lisbeth Alvarado Sernaque &#8211; Practicante del Sistema de Medios (SIM).<\/em><br><\/p>\n\n\n\n<p><\/p>\n","protected":false},"excerpt":{"rendered":"<p>Las autoridades buscan a tres mujeres captadas saliendo del hotel. Las v\u00edctimas habr\u00edan sido escopolaminadas antes del ataque. Un video de c\u00e1maras de seguridad se ha convertido en un elemento central dentro de la investigaci\u00f3n por el doble asesinato ocurrido la madrugada del s\u00e1bado 7 de febrero en un hotel del centro de Quevedo, donde [&hellip;]<\/p>\n","protected":false},"author":7,"featured_media":14905,"comment_status":"open","ping_status":"open","sticky":false,"template":"","format":"standard","meta":{"footnotes":""},"categories":[1,81],"tags":[201,391,393,390,392],"class_list":["post-14903","post","type-post","status-publish","format-standard","has-post-thumbnail","hentry","category-nacionales","category-noticias","tag-crimen","tag-investigacion","tag-policia","tag-quevedo","tag-videovigilancia"],"_links":{"self":[{"href":"https:\/\/sim.unemi.edu.ec\/index.php\/wp-json\/wp\/v2\/posts\/14903","targetHints":{"allow":["GET"]}}],"collection":[{"href":"https:\/\/sim.unemi.edu.ec\/index.php\/wp-json\/wp\/v2\/posts"}],"about":[{"href":"https:\/\/sim.unemi.edu.ec\/index.php\/wp-json\/wp\/v2\/types\/post"}],"author":[{"embeddable":true,"href":"https:\/\/sim.unemi.edu.ec\/index.php\/wp-json\/wp\/v2\/users\/7"}],"replies":[{"embeddable":true,"href":"https:\/\/sim.unemi.edu.ec\/index.php\/wp-json\/wp\/v2\/comments?post=14903"}],"version-history":[{"count":1,"href":"https:\/\/sim.unemi.edu.ec\/index.php\/wp-json\/wp\/v2\/posts\/14903\/revisions"}],"predecessor-version":[{"id":14906,"href":"https:\/\/sim.unemi.edu.ec\/index.php\/wp-json\/wp\/v2\/posts\/14903\/revisions\/14906"}],"wp:featuredmedia":[{"embeddable":true,"href":"https:\/\/sim.unemi.edu.ec\/index.php\/wp-json\/wp\/v2\/media\/14905"}],"wp:attachment":[{"href":"https:\/\/sim.unemi.edu.ec\/index.php\/wp-json\/wp\/v2\/media?parent=14903"}],"wp:term":[{"taxonomy":"category","embeddable":true,"href":"https:\/\/sim.unemi.edu.ec\/index.php\/wp-json\/wp\/v2\/categories?post=14903"},{"taxonomy":"post_tag","embeddable":true,"href":"https:\/\/sim.unemi.edu.ec\/index.php\/wp-json\/wp\/v2\/tags?post=14903"}],"curies":[{"name":"wp","href":"https:\/\/api.w.org\/{rel}","templated":true}]}}