{"id":14907,"date":"2026-02-09T17:07:39","date_gmt":"2026-02-09T22:07:39","guid":{"rendered":"https:\/\/sim.unemi.edu.ec\/?p=14907"},"modified":"2026-02-09T17:07:40","modified_gmt":"2026-02-09T22:07:40","slug":"incendio-destruye-ensambladora-de-motos-en-el-sur-de-guayaquil","status":"publish","type":"post","link":"https:\/\/sim.unemi.edu.ec\/index.php\/2026\/02\/09\/incendio-destruye-ensambladora-de-motos-en-el-sur-de-guayaquil\/","title":{"rendered":"Incendio destruye ensambladora de motos en el sur de Guayaquil"},"content":{"rendered":"\n<p><em>M\u00e1s de 200 bomberos atendieron la emergencia registrada en el Guasmo Norte. La emergencia oblig\u00f3 a evacuar preventivamente a moradores del sector.<\/em><\/p>\n\n\n\n<figure class=\"wp-block-image size-full\"><img loading=\"lazy\" decoding=\"async\" width=\"522\" height=\"298\" src=\"https:\/\/sim.unemi.edu.ec\/wp-content\/uploads\/2026\/02\/Foto-12.jpg.jpeg\" alt=\"\" class=\"wp-image-14908\"\/><\/figure>\n\n\n\n<p>Un incendio de gran magnitud arras\u00f3 con gran parte de una empresa ensambladora de motocicletas ubicada en la cooperativa 1 de Marzo, en el sector del Guasmo Norte, al sur de Guayaquil, durante la madrugada de este lunes 9 de febrero.<\/p>\n\n\n\n<p>El Cuerpo de Bomberos de Guayaquil inform\u00f3 que la alerta fue recibida a las 03:25 a trav\u00e9s del ECU 911, lo que activ\u00f3 un amplio despliegue operativo. M\u00e1s de 200 bomberos y decenas de unidades especializadas trabajaron para controlar las llamas, cuya columna de humo fue visible desde varios sectores de la ciudad.<\/p>\n\n\n\n<p>Jaime Cucal\u00f3n, primer jefe del Cuerpo de Bomberos, se\u00f1al\u00f3 que la magnitud del siniestro obligar\u00e1 a extender las labores por varias horas. \u201cNo enfrent\u00e1bamos un evento de esta magnitud desde hace aproximadamente seis a\u00f1os\u201d, indic\u00f3 en declaraciones a Ecuavisa.<\/p>\n\n\n\n<p>El incendio provoc\u00f3 alarma entre los moradores del sector, quienes evacuaron de forma preventiva ante el intenso calor y el riesgo de propagaci\u00f3n del fuego. Algunos vecinos relataron que las altas temperaturas se sent\u00edan incluso dentro de sus viviendas.<\/p>\n\n\n\n<p>Hasta el cierre de este reporte no se registran personas heridas. Las autoridades contin\u00faan con las tareas de enfriamiento y evaluaci\u00f3n de da\u00f1os, mientras se investigan las causas que originaron el siniestro.<\/p>\n\n\n\n<p class=\"has-small-font-size\"><em><strong>Autora: <\/strong>Lisbeth Alvarado Sernaque &#8211; Practicante del Sistema Integrado de Medios (SIM).<\/em><\/p>\n\n\n\n<p><\/p>\n","protected":false},"excerpt":{"rendered":"<p>M\u00e1s de 200 bomberos atendieron la emergencia registrada en el Guasmo Norte. La emergencia oblig\u00f3 a evacuar preventivamente a moradores del sector. Un incendio de gran magnitud arras\u00f3 con gran parte de una empresa ensambladora de motocicletas ubicada en la cooperativa 1 de Marzo, en el sector del Guasmo Norte, al sur de Guayaquil, durante [&hellip;]<\/p>\n","protected":false},"author":8,"featured_media":14909,"comment_status":"open","ping_status":"open","sticky":false,"template":"","format":"standard","meta":{"footnotes":""},"categories":[1,81],"tags":[385,386,394,268,384],"class_list":["post-14907","post","type-post","status-publish","format-standard","has-post-thumbnail","hentry","category-nacionales","category-noticias","tag-bomberos","tag-emergencia","tag-guasmo","tag-guayaquil","tag-incendio"],"_links":{"self":[{"href":"https:\/\/sim.unemi.edu.ec\/index.php\/wp-json\/wp\/v2\/posts\/14907","targetHints":{"allow":["GET"]}}],"collection":[{"href":"https:\/\/sim.unemi.edu.ec\/index.php\/wp-json\/wp\/v2\/posts"}],"about":[{"href":"https:\/\/sim.unemi.edu.ec\/index.php\/wp-json\/wp\/v2\/types\/post"}],"author":[{"embeddable":true,"href":"https:\/\/sim.unemi.edu.ec\/index.php\/wp-json\/wp\/v2\/users\/8"}],"replies":[{"embeddable":true,"href":"https:\/\/sim.unemi.edu.ec\/index.php\/wp-json\/wp\/v2\/comments?post=14907"}],"version-history":[{"count":1,"href":"https:\/\/sim.unemi.edu.ec\/index.php\/wp-json\/wp\/v2\/posts\/14907\/revisions"}],"predecessor-version":[{"id":14910,"href":"https:\/\/sim.unemi.edu.ec\/index.php\/wp-json\/wp\/v2\/posts\/14907\/revisions\/14910"}],"wp:featuredmedia":[{"embeddable":true,"href":"https:\/\/sim.unemi.edu.ec\/index.php\/wp-json\/wp\/v2\/media\/14909"}],"wp:attachment":[{"href":"https:\/\/sim.unemi.edu.ec\/index.php\/wp-json\/wp\/v2\/media?parent=14907"}],"wp:term":[{"taxonomy":"category","embeddable":true,"href":"https:\/\/sim.unemi.edu.ec\/index.php\/wp-json\/wp\/v2\/categories?post=14907"},{"taxonomy":"post_tag","embeddable":true,"href":"https:\/\/sim.unemi.edu.ec\/index.php\/wp-json\/wp\/v2\/tags?post=14907"}],"curies":[{"name":"wp","href":"https:\/\/api.w.org\/{rel}","templated":true}]}}