{"id":14912,"date":"2026-02-10T15:37:51","date_gmt":"2026-02-10T20:37:51","guid":{"rendered":"https:\/\/sim.unemi.edu.ec\/?p=14912"},"modified":"2026-02-10T15:37:51","modified_gmt":"2026-02-10T20:37:51","slug":"operativo-policial-desarticula-banda-de-robo-de-vehiculos-en-quito","status":"publish","type":"post","link":"https:\/\/sim.unemi.edu.ec\/index.php\/2026\/02\/10\/operativo-policial-desarticula-banda-de-robo-de-vehiculos-en-quito\/","title":{"rendered":"Operativo policial desarticula banda de robo de veh\u00edculos en Quito"},"content":{"rendered":"\n<p><strong><em>Siete allanamientos simult\u00e1neos permitieron detener a cinco presuntos implicados en una red dedicada al robo y desmantelamiento de automotores.<\/em><\/strong><br><\/p>\n\n\n\n<figure class=\"wp-block-image size-large\"><img loading=\"lazy\" decoding=\"async\" width=\"1024\" height=\"773\" src=\"https:\/\/sim.unemi.edu.ec\/wp-content\/uploads\/2026\/02\/foto-horizontal.jpg-1024x773.jpeg\" alt=\"\" class=\"wp-image-14913\"\/><\/figure>\n\n\n\n<p>Un operativo policial ejecutado durante la madrugada del martes 10 de febrero permiti\u00f3 la detenci\u00f3n de cinco personas presuntamente vinculadas a una red de robo de veh\u00edculos en Quito.<\/p>\n\n\n\n<p>La intervenci\u00f3n fue desarrollada de forma conjunta entre la Fiscal\u00eda General del Estado y la Polic\u00eda Nacional, quienes realizaron siete allanamientos simult\u00e1neos en sectores del centro y sur de la capital.<\/p>\n\n\n\n<p>Durante los procedimientos, las autoridades incautaron dispositivos electr\u00f3nicos, placas vehiculares, dos automotores y varias autopartes que estar\u00edan relacionadas con actividades il\u00edcitas.<\/p>\n\n\n\n<p>Seg\u00fan informaci\u00f3n oficial, los detenidos integrar\u00edan una estructura dedicada al robo y desmantelamiento de veh\u00edculos, cuyos componentes eran posteriormente comercializados por partes.<\/p>\n\n\n\n<p>La investigaci\u00f3n se inici\u00f3 en octubre de 2025, tras m\u00faltiples denuncias ciudadanas. En las pr\u00f3ximas horas, la Fiscal\u00eda formular\u00e1 cargos por el delito de asociaci\u00f3n il\u00edcita.<\/p>\n\n\n\n<p class=\"has-small-font-size\"><em><strong>Autora:<\/strong> Lisbeth Alvarado Sernaque &#8211; Practicante del Sistema Integrado de Medios (SIM).<\/em><\/p>\n","protected":false},"excerpt":{"rendered":"<p>Siete allanamientos simult\u00e1neos permitieron detener a cinco presuntos implicados en una red dedicada al robo y desmantelamiento de automotores. Un operativo policial ejecutado durante la madrugada del martes 10 de febrero permiti\u00f3 la detenci\u00f3n de cinco personas presuntamente vinculadas a una red de robo de veh\u00edculos en Quito. La intervenci\u00f3n fue desarrollada de forma conjunta [&hellip;]<\/p>\n","protected":false},"author":8,"featured_media":14914,"comment_status":"open","ping_status":"open","sticky":false,"template":"","format":"standard","meta":{"footnotes":""},"categories":[1,81],"tags":[396,121,393,309,395],"class_list":["post-14912","post","type-post","status-publish","format-standard","has-post-thumbnail","hentry","category-nacionales","category-noticias","tag-allanamientos","tag-fiscalia-2","tag-policia","tag-quito","tag-robo-vehicular"],"_links":{"self":[{"href":"https:\/\/sim.unemi.edu.ec\/index.php\/wp-json\/wp\/v2\/posts\/14912","targetHints":{"allow":["GET"]}}],"collection":[{"href":"https:\/\/sim.unemi.edu.ec\/index.php\/wp-json\/wp\/v2\/posts"}],"about":[{"href":"https:\/\/sim.unemi.edu.ec\/index.php\/wp-json\/wp\/v2\/types\/post"}],"author":[{"embeddable":true,"href":"https:\/\/sim.unemi.edu.ec\/index.php\/wp-json\/wp\/v2\/users\/8"}],"replies":[{"embeddable":true,"href":"https:\/\/sim.unemi.edu.ec\/index.php\/wp-json\/wp\/v2\/comments?post=14912"}],"version-history":[{"count":1,"href":"https:\/\/sim.unemi.edu.ec\/index.php\/wp-json\/wp\/v2\/posts\/14912\/revisions"}],"predecessor-version":[{"id":14915,"href":"https:\/\/sim.unemi.edu.ec\/index.php\/wp-json\/wp\/v2\/posts\/14912\/revisions\/14915"}],"wp:featuredmedia":[{"embeddable":true,"href":"https:\/\/sim.unemi.edu.ec\/index.php\/wp-json\/wp\/v2\/media\/14914"}],"wp:attachment":[{"href":"https:\/\/sim.unemi.edu.ec\/index.php\/wp-json\/wp\/v2\/media?parent=14912"}],"wp:term":[{"taxonomy":"category","embeddable":true,"href":"https:\/\/sim.unemi.edu.ec\/index.php\/wp-json\/wp\/v2\/categories?post=14912"},{"taxonomy":"post_tag","embeddable":true,"href":"https:\/\/sim.unemi.edu.ec\/index.php\/wp-json\/wp\/v2\/tags?post=14912"}],"curies":[{"name":"wp","href":"https:\/\/api.w.org\/{rel}","templated":true}]}}