{"id":14916,"date":"2026-02-10T15:40:52","date_gmt":"2026-02-10T20:40:52","guid":{"rendered":"https:\/\/sim.unemi.edu.ec\/?p=14916"},"modified":"2026-02-10T15:40:53","modified_gmt":"2026-02-10T20:40:53","slug":"dos-centros-de-tolerancia-en-quito-clausurados-tras-operativos-de-control","status":"publish","type":"post","link":"https:\/\/sim.unemi.edu.ec\/index.php\/2026\/02\/10\/dos-centros-de-tolerancia-en-quito-clausurados-tras-operativos-de-control\/","title":{"rendered":"Dos centros de tolerancia en Quito clausurados tras operativos de control\u00a0"},"content":{"rendered":"\n<p><em>Autoridades detectaron incumplimientos legales, personas en estado et\u00edlico y riesgos para la seguridad ciudadana.<\/em><br><\/p>\n\n\n\n<figure class=\"wp-block-image size-full\"><img loading=\"lazy\" decoding=\"async\" width=\"582\" height=\"327\" src=\"https:\/\/sim.unemi.edu.ec\/wp-content\/uploads\/2026\/02\/Foto-horizontal-2.jpg.jpeg\" alt=\"\" class=\"wp-image-14917\"\/><\/figure>\n\n\n\n<p>Dos centros de tolerancia fueron clausurados durante un megaoperativo interinstitucional realizado el fin de semana en sectores del norte de Quito, informaron autoridades municipales.<\/p>\n\n\n\n<p>La intervenci\u00f3n fue liderada por el Municipio de Quito, con apoyo de la Polic\u00eda Nacional y las Fuerzas Armadas, y se desarroll\u00f3 en las administraciones zonales Eugenio Espejo y La Delicia.<\/p>\n\n\n\n<p>De los cinco establecimientos inspeccionados, dos fueron cerrados de manera inmediata por incumplir la normativa vigente. Uno no respetaba medidas de bioseguridad y el otro registr\u00f3 la presencia de una menor de edad.<\/p>\n\n\n\n<p>Durante los controles tambi\u00e9n se detectaron personas en estado et\u00edlico y se decomisaron 15 botellas de licor sin timbre fiscal, adem\u00e1s de un arma blanca tipo machete.<\/p>\n\n\n\n<p>Las autoridades se\u00f1alaron que estos operativos buscan fortalecer la seguridad ciudadana y garantizar el funcionamiento legal de locales nocturnos.<\/p>\n\n\n\n<p class=\"has-small-font-size\"><em><strong>Autora:<\/strong> Milena Mosquera Castro &#8211; Practicante del Sistema Integrado de Medios (SIM).<\/em><\/p>\n","protected":false},"excerpt":{"rendered":"<p>Autoridades detectaron incumplimientos legales, personas en estado et\u00edlico y riesgos para la seguridad ciudadana. Dos centros de tolerancia fueron clausurados durante un megaoperativo interinstitucional realizado el fin de semana en sectores del norte de Quito, informaron autoridades municipales. La intervenci\u00f3n fue liderada por el Municipio de Quito, con apoyo de la Polic\u00eda Nacional y las [&hellip;]<\/p>\n","protected":false},"author":8,"featured_media":14918,"comment_status":"open","ping_status":"open","sticky":false,"template":"","format":"standard","meta":{"footnotes":""},"categories":[1,81],"tags":[399,400,397,309,398],"class_list":["post-14916","post","type-post","status-publish","format-standard","has-post-thumbnail","hentry","category-nacionales","category-noticias","tag-clausuras","tag-control-municipal","tag-operativos","tag-quito","tag-seguridad"],"_links":{"self":[{"href":"https:\/\/sim.unemi.edu.ec\/index.php\/wp-json\/wp\/v2\/posts\/14916","targetHints":{"allow":["GET"]}}],"collection":[{"href":"https:\/\/sim.unemi.edu.ec\/index.php\/wp-json\/wp\/v2\/posts"}],"about":[{"href":"https:\/\/sim.unemi.edu.ec\/index.php\/wp-json\/wp\/v2\/types\/post"}],"author":[{"embeddable":true,"href":"https:\/\/sim.unemi.edu.ec\/index.php\/wp-json\/wp\/v2\/users\/8"}],"replies":[{"embeddable":true,"href":"https:\/\/sim.unemi.edu.ec\/index.php\/wp-json\/wp\/v2\/comments?post=14916"}],"version-history":[{"count":1,"href":"https:\/\/sim.unemi.edu.ec\/index.php\/wp-json\/wp\/v2\/posts\/14916\/revisions"}],"predecessor-version":[{"id":14919,"href":"https:\/\/sim.unemi.edu.ec\/index.php\/wp-json\/wp\/v2\/posts\/14916\/revisions\/14919"}],"wp:featuredmedia":[{"embeddable":true,"href":"https:\/\/sim.unemi.edu.ec\/index.php\/wp-json\/wp\/v2\/media\/14918"}],"wp:attachment":[{"href":"https:\/\/sim.unemi.edu.ec\/index.php\/wp-json\/wp\/v2\/media?parent=14916"}],"wp:term":[{"taxonomy":"category","embeddable":true,"href":"https:\/\/sim.unemi.edu.ec\/index.php\/wp-json\/wp\/v2\/categories?post=14916"},{"taxonomy":"post_tag","embeddable":true,"href":"https:\/\/sim.unemi.edu.ec\/index.php\/wp-json\/wp\/v2\/tags?post=14916"}],"curies":[{"name":"wp","href":"https:\/\/api.w.org\/{rel}","templated":true}]}}