{"id":14932,"date":"2026-02-11T13:25:27","date_gmt":"2026-02-11T18:25:27","guid":{"rendered":"https:\/\/sim.unemi.edu.ec\/?p=14932"},"modified":"2026-02-11T13:25:27","modified_gmt":"2026-02-11T18:25:27","slug":"militares-aplicaran-polemica-matriz-de-100-puntos-a-periodistas","status":"publish","type":"post","link":"https:\/\/sim.unemi.edu.ec\/index.php\/2026\/02\/11\/militares-aplicaran-polemica-matriz-de-100-puntos-a-periodistas\/","title":{"rendered":"Militares aplicar\u00e1n pol\u00e9mica matriz de 100 puntos a periodistas"},"content":{"rendered":"\n<p><em>Sistema define qui\u00e9nes son \u201captos\u201d para cobertura oficial, en medio de debate por libertad de prensa. La Instituci\u00f3n asegura, por su parte, que las medidas buscan organizaci\u00f3n log\u00edstica.<\/em><\/p>\n\n\n\n<figure class=\"wp-block-gallery has-nested-images columns-default is-cropped wp-block-gallery-1 is-layout-flex wp-block-gallery-is-layout-flex\">\n<figure class=\"wp-block-image size-large\"><img loading=\"lazy\" decoding=\"async\" width=\"1024\" height=\"683\" data-id=\"14933\" src=\"https:\/\/sim.unemi.edu.ec\/wp-content\/uploads\/2026\/02\/foto-horizontal3.jpg-1024x683.jpeg\" alt=\"\" class=\"wp-image-14933\"\/><\/figure>\n<\/figure>\n\n\n\n<p>Un oficio emitido el 28 de enero por el jefe del Comando Conjunto de las Fuerzas Armadas, Henry Delgado, establece un sistema de evaluaci\u00f3n para medios y periodistas que soliciten acreditaciones institucionales. El documento gener\u00f3 preocupaci\u00f3n en sectores vinculados a la libertad de prensa.<\/p>\n\n\n\n<p>La disposici\u00f3n instruye a las comandancias del Ej\u00e9rcito, la Marina y la Aviaci\u00f3n a aplicar una matriz de calificaci\u00f3n de 100 puntos. Solo quienes superen los 80 puntos ser\u00e1n considerados \u201captos\u201d, mientras que por debajo de 60 puntos quedar\u00e1n excluidos bajo lo que la instituci\u00f3n denomina una \u201cexclusi\u00f3n t\u00e9cnica y justificada\u201d.<\/p>\n\n\n\n<p>El sistema eval\u00faa la l\u00ednea editorial, el tratamiento hist\u00f3rico hacia las Fuerzas Armadas, el rigor profesional y la postura frente a su rol constitucional. El documento se\u00f1ala evitar acreditaciones a medios que perjudiquen la imagen institucional.<\/p>\n\n\n\n<p>La medida surge tras reportajes de Televistazo sobre un contrato para la compra de un radar que permanece embodegado en Espa\u00f1a desde hace seis meses.<\/p>\n\n\n\n<p>En un comunicado, la instituci\u00f3n asegur\u00f3 que los lineamientos no buscan limitar la labor period\u00edstica, sino \u00abordenar, planificar y garantizar que la labor informativa se desarrolle de manera adecuada, oportuna y segura\u00bb<\/p>\n\n\n\n<p class=\"has-small-font-size\"><em>Autora: Milena Mosquera Castro &#8211; Practicante del Sistema Integrado de Medios (SIM).<\/em><\/p>\n","protected":false},"excerpt":{"rendered":"<p>Sistema define qui\u00e9nes son \u201captos\u201d para cobertura oficial, en medio de debate por libertad de prensa. La Instituci\u00f3n asegura, por su parte, que las medidas buscan organizaci\u00f3n log\u00edstica. Un oficio emitido el 28 de enero por el jefe del Comando Conjunto de las Fuerzas Armadas, Henry Delgado, establece un sistema de evaluaci\u00f3n para medios y [&hellip;]<\/p>\n","protected":false},"author":7,"featured_media":14934,"comment_status":"open","ping_status":"open","sticky":false,"template":"","format":"standard","meta":{"footnotes":""},"categories":[1,81],"tags":[413,255,414,412],"class_list":["post-14932","post","type-post","status-publish","format-standard","has-post-thumbnail","hentry","category-nacionales","category-noticias","tag-acreditacion","tag-fuerzasarmadas","tag-libertaddeexpresion","tag-prensa"],"_links":{"self":[{"href":"https:\/\/sim.unemi.edu.ec\/index.php\/wp-json\/wp\/v2\/posts\/14932","targetHints":{"allow":["GET"]}}],"collection":[{"href":"https:\/\/sim.unemi.edu.ec\/index.php\/wp-json\/wp\/v2\/posts"}],"about":[{"href":"https:\/\/sim.unemi.edu.ec\/index.php\/wp-json\/wp\/v2\/types\/post"}],"author":[{"embeddable":true,"href":"https:\/\/sim.unemi.edu.ec\/index.php\/wp-json\/wp\/v2\/users\/7"}],"replies":[{"embeddable":true,"href":"https:\/\/sim.unemi.edu.ec\/index.php\/wp-json\/wp\/v2\/comments?post=14932"}],"version-history":[{"count":1,"href":"https:\/\/sim.unemi.edu.ec\/index.php\/wp-json\/wp\/v2\/posts\/14932\/revisions"}],"predecessor-version":[{"id":14935,"href":"https:\/\/sim.unemi.edu.ec\/index.php\/wp-json\/wp\/v2\/posts\/14932\/revisions\/14935"}],"wp:featuredmedia":[{"embeddable":true,"href":"https:\/\/sim.unemi.edu.ec\/index.php\/wp-json\/wp\/v2\/media\/14934"}],"wp:attachment":[{"href":"https:\/\/sim.unemi.edu.ec\/index.php\/wp-json\/wp\/v2\/media?parent=14932"}],"wp:term":[{"taxonomy":"category","embeddable":true,"href":"https:\/\/sim.unemi.edu.ec\/index.php\/wp-json\/wp\/v2\/categories?post=14932"},{"taxonomy":"post_tag","embeddable":true,"href":"https:\/\/sim.unemi.edu.ec\/index.php\/wp-json\/wp\/v2\/tags?post=14932"}],"curies":[{"name":"wp","href":"https:\/\/api.w.org\/{rel}","templated":true}]}}