{"id":14938,"date":"2026-02-12T16:38:15","date_gmt":"2026-02-12T21:38:15","guid":{"rendered":"https:\/\/sim.unemi.edu.ec\/?p=14938"},"modified":"2026-02-12T19:05:48","modified_gmt":"2026-02-13T00:05:48","slug":"la-facultad-de-salud-de-unemi-conmemora-24-anos-de-servicio","status":"publish","type":"post","link":"https:\/\/sim.unemi.edu.ec\/index.php\/2026\/02\/12\/la-facultad-de-salud-de-unemi-conmemora-24-anos-de-servicio\/","title":{"rendered":"La Facultad de Salud de UNEMI conmemora 24 a\u00f1os de servicio social"},"content":{"rendered":"\n<p><em>Autoridades universitarias, docentes y estudiantes participaron en una ceremonia que resalt\u00f3 la vocaci\u00f3n, excelencia acad\u00e9mica y consolidaci\u00f3n de nuevas carreras en el \u00e1rea de la salud.<\/em><\/p>\n\n\n\n<figure class=\"wp-block-image size-full\"><img loading=\"lazy\" decoding=\"async\" width=\"569\" height=\"309\" src=\"https:\/\/sim.unemi.edu.ec\/wp-content\/uploads\/2026\/02\/foto-horizontal.jpg-1-1.jpeg\" alt=\"\" class=\"wp-image-14939\"\/><\/figure>\n\n\n\n<p>La Facultad de Salud y Servicios Sociales (FACS) de la Universidad Estatal de Milagro (UNEMI) conmemor\u00f3 sus 24 a\u00f1os de creaci\u00f3n con una sesi\u00f3n solemne realizada en el auditorio del bloque W, acto que reuni\u00f3 a autoridades universitarias, docentes, personal administrativo, estudiantes y egresados.<\/p>\n\n\n\n<p>La ceremonia cont\u00f3 con la presencia de la Ph. D. Jessenia C\u00e1rdenas Cobo, vicerrectora Acad\u00e9mica y de Formaci\u00f3n de Grado; el Ph. D. Edwin Carraguero Rodr\u00edguez, vicerrector de Investigaci\u00f3n y Posgrado; y la Ph. D. Mayra D\u2019 Armas Regnault, vicerrectora de Vinculaci\u00f3n, adem\u00e1s de decanos, directores de carrera y representantes de la comunidad universitaria.<\/p>\n\n\n\n<p>Durante el evento se resalt\u00f3 la trayectoria de la Facultad, que a lo largo de m\u00e1s de dos d\u00e9cadas ha fortalecido su oferta acad\u00e9mica y su compromiso social, respondiendo a las necesidades del entorno y del pa\u00eds.<\/p>\n\n\n\n<p>La decana, Mgs. Elka Almeida, se\u00f1al\u00f3 que este aniversario \u201crepresenta el servicio y la vocaci\u00f3n de nuestros docentes, del personal administrativo y la entrega incondicional de los estudiantes\u201d. Asimismo, afirm\u00f3 que la Facultad \u201ces un legado de compromiso, dedicaci\u00f3n y excelencia acad\u00e9mica que seguimos construyendo juntos\u00bb.<\/p>\n\n\n\n<p>En el marco de la ceremonia, se entregaron reconocimientos a docentes y exdocentes por su trayectoria y aporte institucional. Los nombres de profesoras jubiladas como Cecilia Merizalde, Celinda Guill\u00e9n y Carmen Naranjo fueron destacados entre aplausos. Tambi\u00e9n se reconoci\u00f3 al equipo docente que impuls\u00f3 el proceso de acreditaci\u00f3n internacional de la carrera de Enfermer\u00eda.<\/p>\n\n\n\n<p>En su intervenci\u00f3n de clausura, la Ph. D. Jessenia C\u00e1rdenas destac\u00f3 la vocaci\u00f3n, humanidad y compromiso social que caracterizan a la comunidad de la FACS, y proyect\u00f3 nuevos retos para la Facultad, que inici\u00f3 con la carrera de Enfermer\u00eda y actualmente oferta programas como Medicina, Nutrici\u00f3n y Diet\u00e9tica, Fisioterapia y Psicolog\u00eda Cl\u00ednica.<\/p>\n\n\n\n<p>La conmemoraci\u00f3n permiti\u00f3 exaltar el compromiso de la Facultad con la formaci\u00f3n de profesionales \u00edntegros, preparados para enfrentar los desaf\u00edos de la salud y el bienestar social.<\/p>\n\n\n\n<p class=\"has-small-font-size\"><em><strong>Autora:<\/strong> Lissette Barandica &#8211;\u00a0 Practicante del Sistema Integrado de Medios (SIM).<\/em><\/p>\n\n\n\n<p><\/p>\n","protected":false},"excerpt":{"rendered":"<p>Autoridades universitarias, docentes y estudiantes participaron en una ceremonia que resalt\u00f3 la vocaci\u00f3n, excelencia acad\u00e9mica y consolidaci\u00f3n de nuevas carreras en el \u00e1rea de la salud. La Facultad de Salud y Servicios Sociales (FACS) de la Universidad Estatal de Milagro (UNEMI) conmemor\u00f3 sus 24 a\u00f1os de creaci\u00f3n con una sesi\u00f3n solemne realizada en el auditorio [&hellip;]<\/p>\n","protected":false},"author":8,"featured_media":14940,"comment_status":"open","ping_status":"open","sticky":false,"template":"","format":"standard","meta":{"footnotes":""},"categories":[81,80],"tags":[417,185,416,415,110],"class_list":["post-14938","post","type-post","status-publish","format-standard","has-post-thumbnail","hentry","category-noticias","category-noticias_institucionales","tag-aniversario-24","tag-ecuador","tag-facs","tag-facultad-de-salud","tag-unemi-2"],"_links":{"self":[{"href":"https:\/\/sim.unemi.edu.ec\/index.php\/wp-json\/wp\/v2\/posts\/14938","targetHints":{"allow":["GET"]}}],"collection":[{"href":"https:\/\/sim.unemi.edu.ec\/index.php\/wp-json\/wp\/v2\/posts"}],"about":[{"href":"https:\/\/sim.unemi.edu.ec\/index.php\/wp-json\/wp\/v2\/types\/post"}],"author":[{"embeddable":true,"href":"https:\/\/sim.unemi.edu.ec\/index.php\/wp-json\/wp\/v2\/users\/8"}],"replies":[{"embeddable":true,"href":"https:\/\/sim.unemi.edu.ec\/index.php\/wp-json\/wp\/v2\/comments?post=14938"}],"version-history":[{"count":2,"href":"https:\/\/sim.unemi.edu.ec\/index.php\/wp-json\/wp\/v2\/posts\/14938\/revisions"}],"predecessor-version":[{"id":14952,"href":"https:\/\/sim.unemi.edu.ec\/index.php\/wp-json\/wp\/v2\/posts\/14938\/revisions\/14952"}],"wp:featuredmedia":[{"embeddable":true,"href":"https:\/\/sim.unemi.edu.ec\/index.php\/wp-json\/wp\/v2\/media\/14940"}],"wp:attachment":[{"href":"https:\/\/sim.unemi.edu.ec\/index.php\/wp-json\/wp\/v2\/media?parent=14938"}],"wp:term":[{"taxonomy":"category","embeddable":true,"href":"https:\/\/sim.unemi.edu.ec\/index.php\/wp-json\/wp\/v2\/categories?post=14938"},{"taxonomy":"post_tag","embeddable":true,"href":"https:\/\/sim.unemi.edu.ec\/index.php\/wp-json\/wp\/v2\/tags?post=14938"}],"curies":[{"name":"wp","href":"https:\/\/api.w.org\/{rel}","templated":true}]}}