{"id":14942,"date":"2026-02-12T17:01:35","date_gmt":"2026-02-12T22:01:35","guid":{"rendered":"https:\/\/sim.unemi.edu.ec\/?p=14942"},"modified":"2026-02-12T17:01:35","modified_gmt":"2026-02-12T22:01:35","slug":"saberes-en-accion-el-innovador-podcast-de-edunemi","status":"publish","type":"post","link":"https:\/\/sim.unemi.edu.ec\/index.php\/2026\/02\/12\/saberes-en-accion-el-innovador-podcast-de-edunemi\/","title":{"rendered":"\u201cSaberes en acci\u00f3n\u201d, el innovador podcast de EDUNEMI"},"content":{"rendered":"\n<p><em>El Colegio de Bachillerato Online lanz\u00f3 un espacio digital donde estudiantes presentan sus trabajos finales en un formato que fortalece habilidades comunicativas y tecnol\u00f3gicas.<\/em><\/p>\n\n\n\n<figure class=\"wp-block-image size-full\"><img loading=\"lazy\" decoding=\"async\" width=\"567\" height=\"254\" src=\"https:\/\/sim.unemi.edu.ec\/wp-content\/uploads\/2026\/02\/foto-horizontal-2.jpg-1.jpeg\" alt=\"\" class=\"wp-image-14943\"\/><\/figure>\n\n\n\n<p>En las instalaciones del Sistema Integrado de Medios, este jueves, 12 de febrero, se desarroll\u00f3 el primer programa en formato podcast del Colegio de Bachillerato Online EDUNEMI, una iniciativa acad\u00e9mica que busca que los estudiantes presenten y socialicen sus trabajos finales de grado en un formato din\u00e1mico y participativo.<\/p>\n\n\n\n<p>El espacio est\u00e1 concebido como una plataforma de di\u00e1logo y reflexi\u00f3n, donde los alumnos exponen sus proyectos y comparten experiencias, aprendizajes y vivencias junto a sus docentes.<\/p>\n\n\n\n<p>Este innovador formato, impulsado por las autoridades de EDUNEMI, apuesta por fortalecer habilidades comunicativas, pensamiento cr\u00edtico y competencias digitales en los j\u00f3venes.<\/p>\n\n\n\n<p>La vicerrectora acad\u00e9mica de la Instituci\u00f3n, Mgs. Mariuxi Tuquinga, destac\u00f3 la relevancia de esta propuesta para el proceso formativo estudiantil.<\/p>\n\n\n\n<p>\u201cLos estudiantes demuestran sus habilidades comunicacionales a trav\u00e9s del uso de la tecnolog\u00eda de las redes sociales, por ello, hemos creado este espacio para compartir sus conocimientos, pero tambi\u00e9n sus experiencias\u201d, manifest\u00f3 la autoridad.<\/p>\n\n\n\n<p>La incorporaci\u00f3n de nuevas tecnolog\u00edas es uno de los pilares de esta iniciativa, que se implementa oficialmente desde el presente a\u00f1o lectivo como parte del modelo educativo del plantel.<\/p>\n\n\n\n<p>Por su parte, el docente David Carrasco Gonz\u00e1lez, mag\u00edster en Tecnolog\u00eda e Innovaci\u00f3n, particip\u00f3 en este primer episodio y resalt\u00f3 el valor pedag\u00f3gico del formato.<\/p>\n\n\n\n<p>\u201cContamos con una ventaja tecnol\u00f3gica importante, en un contexto donde la tecnolog\u00eda atraviesa todos los \u00e1mbitos de la vida. Hoy en d\u00eda, muchas personas utilizan herramientas de inteligencia artificial para desempe\u00f1arse profesional y acad\u00e9micamente\u201d, reflexion\u00f3 el profesor, al destacar que el programa busca adaptarse a las nuevas din\u00e1micas de comunicaci\u00f3n.<\/p>\n\n\n\n<p>Est\u00e1 previsto que se desarrollen cinco programas, los cuales se transmitir\u00e1n entre el 12 y 13 de febrero a trav\u00e9s de los canales oficiales de EDUNEMI y del Sistema Integrado de Medios, permitiendo que la comunidad educativa y el p\u00fablico en general conozcan de cerca el trabajo acad\u00e9mico de la Promoci\u00f3n 2026.<\/p>\n\n\n\n<p>Con esta propuesta, el Colegio de Bachillerato Online EDUNEMI permite que el conocimiento trascienda m\u00e1s all\u00e1 de las pantallas. La instituci\u00f3n consolida su compromiso con la innovaci\u00f3n educativa, el fortalecimiento del pensamiento cr\u00edtico y la formaci\u00f3n de estudiantes capaces de desenvolverse con solvencia en entornos digitales y presenciales.<\/p>\n\n\n\n<p class=\"has-small-font-size\"><em><strong>Autora:<\/strong> Lisbeth Alvarado Sernaque &#8211; Practicante del Sistema Integrado de Medios (SIM).<\/em><\/p>\n\n\n\n<p><\/p>\n","protected":false},"excerpt":{"rendered":"<p>El Colegio de Bachillerato Online lanz\u00f3 un espacio digital donde estudiantes presentan sus trabajos finales en un formato que fortalece habilidades comunicativas y tecnol\u00f3gicas. En las instalaciones del Sistema Integrado de Medios, este jueves, 12 de febrero, se desarroll\u00f3 el primer programa en formato podcast del Colegio de Bachillerato Online EDUNEMI, una iniciativa acad\u00e9mica que [&hellip;]<\/p>\n","protected":false},"author":8,"featured_media":14944,"comment_status":"open","ping_status":"open","sticky":false,"template":"","format":"standard","meta":{"footnotes":""},"categories":[81,80],"tags":[420,185,418,419,110],"class_list":["post-14942","post","type-post","status-publish","format-standard","has-post-thumbnail","hentry","category-noticias","category-noticias_institucionales","tag-bachillerato-online","tag-ecuador","tag-edunemi","tag-podcast","tag-unemi-2"],"_links":{"self":[{"href":"https:\/\/sim.unemi.edu.ec\/index.php\/wp-json\/wp\/v2\/posts\/14942","targetHints":{"allow":["GET"]}}],"collection":[{"href":"https:\/\/sim.unemi.edu.ec\/index.php\/wp-json\/wp\/v2\/posts"}],"about":[{"href":"https:\/\/sim.unemi.edu.ec\/index.php\/wp-json\/wp\/v2\/types\/post"}],"author":[{"embeddable":true,"href":"https:\/\/sim.unemi.edu.ec\/index.php\/wp-json\/wp\/v2\/users\/8"}],"replies":[{"embeddable":true,"href":"https:\/\/sim.unemi.edu.ec\/index.php\/wp-json\/wp\/v2\/comments?post=14942"}],"version-history":[{"count":1,"href":"https:\/\/sim.unemi.edu.ec\/index.php\/wp-json\/wp\/v2\/posts\/14942\/revisions"}],"predecessor-version":[{"id":14945,"href":"https:\/\/sim.unemi.edu.ec\/index.php\/wp-json\/wp\/v2\/posts\/14942\/revisions\/14945"}],"wp:featuredmedia":[{"embeddable":true,"href":"https:\/\/sim.unemi.edu.ec\/index.php\/wp-json\/wp\/v2\/media\/14944"}],"wp:attachment":[{"href":"https:\/\/sim.unemi.edu.ec\/index.php\/wp-json\/wp\/v2\/media?parent=14942"}],"wp:term":[{"taxonomy":"category","embeddable":true,"href":"https:\/\/sim.unemi.edu.ec\/index.php\/wp-json\/wp\/v2\/categories?post=14942"},{"taxonomy":"post_tag","embeddable":true,"href":"https:\/\/sim.unemi.edu.ec\/index.php\/wp-json\/wp\/v2\/tags?post=14942"}],"curies":[{"name":"wp","href":"https:\/\/api.w.org\/{rel}","templated":true}]}}