{"id":14953,"date":"2026-02-13T12:28:53","date_gmt":"2026-02-13T17:28:53","guid":{"rendered":"https:\/\/sim.unemi.edu.ec\/?p=14953"},"modified":"2026-02-13T12:28:54","modified_gmt":"2026-02-13T17:28:54","slug":"marcha-a-favor-de-aquiles-alvarez-en-guayaquil","status":"publish","type":"post","link":"https:\/\/sim.unemi.edu.ec\/index.php\/2026\/02\/13\/marcha-a-favor-de-aquiles-alvarez-en-guayaquil\/","title":{"rendered":"Marcha a favor de Aquiles \u00c1lvarez en Guayaquil"},"content":{"rendered":"\n<p><strong><em>Ciudadanos marcharon por la avenida 9 de Octubre tras la prisi\u00f3n preventiva del alcalde. Gobernaci\u00f3n desmont\u00f3 tarima por emergencia y prioriz\u00f3 seguridad.<\/em><\/strong><\/p>\n\n\n\n<figure class=\"wp-block-image size-large\"><img loading=\"lazy\" decoding=\"async\" width=\"1024\" height=\"576\" src=\"https:\/\/sim.unemi.edu.ec\/wp-content\/uploads\/2026\/02\/img-horizontal-not-1-1024x576.jpg\" alt=\"\" class=\"wp-image-14954\"\/><\/figure>\n\n\n\n<p>Una movilizaci\u00f3n c\u00edvica en respaldo al alcalde Aquiles \u00c1lvarez recorri\u00f3 la avenida 9 de Octubre, en el centro de Guayaquil, tras la orden de prisi\u00f3n preventiva dictada en el denominado caso Goleada.<\/p>\n\n\n\n<p>La concentraci\u00f3n inici\u00f3 en la Plaza del Centenario y avanz\u00f3 hasta los bajos del Municipio. Sin embargo, la tarima instalada previamente en la avenida Malec\u00f3n Sim\u00f3n Bol\u00edvar fue desmontada por disposici\u00f3n de la Gobernaci\u00f3n del Guayas.<\/p>\n\n\n\n<p>El gobernador Francisco Ar\u00e9valo explic\u00f3 en X: \u201cCon una emergencia activa en el centro de Guayaquil, la prioridad es una sola, la seguridad de nuestra gente. No se pueden tomar decisiones que generen aglomeraciones o dificulten el trabajo de los equipos de respuesta. En momentos como este, se act\u00faa con responsabilidad y enfoque en proteger vidas\u201d.<\/p>\n\n\n\n<p>La medida se adopt\u00f3 mientras la movilizaci\u00f3n avanzaba, en medio del operativo desplegado por la Polic\u00eda Nacional.<\/p>\n\n\n\n<p class=\"has-small-font-size\"><em><strong>Autora:<\/strong> Lissette Barandica Elizondo &#8211; Practicante del Sistema Integrado de Medios (SIM).<\/em><\/p>\n\n\n\n<p><\/p>\n","protected":false},"excerpt":{"rendered":"<p>Ciudadanos marcharon por la avenida 9 de Octubre tras la prisi\u00f3n preventiva del alcalde. Gobernaci\u00f3n desmont\u00f3 tarima por emergencia y prioriz\u00f3 seguridad. Una movilizaci\u00f3n c\u00edvica en respaldo al alcalde Aquiles \u00c1lvarez recorri\u00f3 la avenida 9 de Octubre, en el centro de Guayaquil, tras la orden de prisi\u00f3n preventiva dictada en el denominado caso Goleada. La [&hellip;]<\/p>\n","protected":false},"author":8,"featured_media":14955,"comment_status":"open","ping_status":"open","sticky":false,"template":"","format":"standard","meta":{"footnotes":""},"categories":[1,81],"tags":[425,426,268,424,398],"class_list":["post-14953","post","type-post","status-publish","format-standard","has-post-thumbnail","hentry","category-nacionales","category-noticias","tag-aquiles-alvarez-2","tag-gobernacion","tag-guayaquil","tag-marcha","tag-seguridad"],"_links":{"self":[{"href":"https:\/\/sim.unemi.edu.ec\/index.php\/wp-json\/wp\/v2\/posts\/14953","targetHints":{"allow":["GET"]}}],"collection":[{"href":"https:\/\/sim.unemi.edu.ec\/index.php\/wp-json\/wp\/v2\/posts"}],"about":[{"href":"https:\/\/sim.unemi.edu.ec\/index.php\/wp-json\/wp\/v2\/types\/post"}],"author":[{"embeddable":true,"href":"https:\/\/sim.unemi.edu.ec\/index.php\/wp-json\/wp\/v2\/users\/8"}],"replies":[{"embeddable":true,"href":"https:\/\/sim.unemi.edu.ec\/index.php\/wp-json\/wp\/v2\/comments?post=14953"}],"version-history":[{"count":1,"href":"https:\/\/sim.unemi.edu.ec\/index.php\/wp-json\/wp\/v2\/posts\/14953\/revisions"}],"predecessor-version":[{"id":14956,"href":"https:\/\/sim.unemi.edu.ec\/index.php\/wp-json\/wp\/v2\/posts\/14953\/revisions\/14956"}],"wp:featuredmedia":[{"embeddable":true,"href":"https:\/\/sim.unemi.edu.ec\/index.php\/wp-json\/wp\/v2\/media\/14955"}],"wp:attachment":[{"href":"https:\/\/sim.unemi.edu.ec\/index.php\/wp-json\/wp\/v2\/media?parent=14953"}],"wp:term":[{"taxonomy":"category","embeddable":true,"href":"https:\/\/sim.unemi.edu.ec\/index.php\/wp-json\/wp\/v2\/categories?post=14953"},{"taxonomy":"post_tag","embeddable":true,"href":"https:\/\/sim.unemi.edu.ec\/index.php\/wp-json\/wp\/v2\/tags?post=14953"}],"curies":[{"name":"wp","href":"https:\/\/api.w.org\/{rel}","templated":true}]}}