{"id":14961,"date":"2026-02-13T12:37:05","date_gmt":"2026-02-13T17:37:05","guid":{"rendered":"https:\/\/sim.unemi.edu.ec\/?p=14961"},"modified":"2026-02-13T12:37:05","modified_gmt":"2026-02-13T17:37:05","slug":"ice-reduce-despliegue-tras-protestas","status":"publish","type":"post","link":"https:\/\/sim.unemi.edu.ec\/index.php\/2026\/02\/13\/ice-reduce-despliegue-tras-protestas\/","title":{"rendered":"ICE reduce despliegue tras protestas"},"content":{"rendered":"\n<p><em>Tom Homan confirm\u00f3 fin de operaci\u00f3n especial en Minnesota. Agentes ser\u00e1n redistribuidos mientras contin\u00faan acciones migratorias en otras zonas.<\/em><br><\/p>\n\n\n\n<figure class=\"wp-block-image size-full\"><img loading=\"lazy\" decoding=\"async\" width=\"566\" height=\"421\" src=\"https:\/\/sim.unemi.edu.ec\/wp-content\/uploads\/2026\/02\/img-horizontal-not2.jpg\" alt=\"\" class=\"wp-image-14962\"\/><\/figure>\n\n\n\n<p>El gobierno de Donald Trump anunci\u00f3 el fin del operativo especial contra inmigraci\u00f3n irregular en el estado de Minnesota, tras semanas de tensi\u00f3n social.<\/p>\n\n\n\n<p>El anuncio lo realiz\u00f3 Tom Homan, designado como zar fronterizo, en rueda de prensa en Minneapolis: \u201cHe propuesto, y el presidente Trump ha estado de acuerdo, que esta operaci\u00f3n especial concluya\u201d.<\/p>\n\n\n\n<p>Miles de agentes federales participaron en redadas desde diciembre. Las acciones provocaron protestas, incidentes y la muerte de dos personas por disparos de agentes federales.<\/p>\n\n\n\n<p>Homan indic\u00f3 que continuar\u00e1 la reducci\u00f3n del despliegue y asegur\u00f3 que los operativos podr\u00edan trasladarse a otras zonas del pa\u00eds, mientras se mantiene la aplicaci\u00f3n de leyes migratorias.<\/p>\n\n\n\n<p class=\"has-small-font-size\"><em><strong>Autora:<\/strong> Mar\u00eda Isabel Salazar &#8211; Practicante del Sistema Integrado de Medios (SIM).<\/em><\/p>\n\n\n\n<p><\/p>\n","protected":false},"excerpt":{"rendered":"<p>Tom Homan confirm\u00f3 fin de operaci\u00f3n especial en Minnesota. Agentes ser\u00e1n redistribuidos mientras contin\u00faan acciones migratorias en otras zonas. El gobierno de Donald Trump anunci\u00f3 el fin del operativo especial contra inmigraci\u00f3n irregular en el estado de Minnesota, tras semanas de tensi\u00f3n social. El anuncio lo realiz\u00f3 Tom Homan, designado como zar fronterizo, en rueda [&hellip;]<\/p>\n","protected":false},"author":8,"featured_media":14963,"comment_status":"open","ping_status":"open","sticky":false,"template":"","format":"standard","meta":{"footnotes":""},"categories":[129,81],"tags":[340,433,432,434,161],"class_list":["post-14961","post","type-post","status-publish","format-standard","has-post-thumbnail","hentry","category-internacionales","category-noticias","tag-ice","tag-migracion","tag-minnesota","tag-redadas","tag-trump"],"_links":{"self":[{"href":"https:\/\/sim.unemi.edu.ec\/index.php\/wp-json\/wp\/v2\/posts\/14961","targetHints":{"allow":["GET"]}}],"collection":[{"href":"https:\/\/sim.unemi.edu.ec\/index.php\/wp-json\/wp\/v2\/posts"}],"about":[{"href":"https:\/\/sim.unemi.edu.ec\/index.php\/wp-json\/wp\/v2\/types\/post"}],"author":[{"embeddable":true,"href":"https:\/\/sim.unemi.edu.ec\/index.php\/wp-json\/wp\/v2\/users\/8"}],"replies":[{"embeddable":true,"href":"https:\/\/sim.unemi.edu.ec\/index.php\/wp-json\/wp\/v2\/comments?post=14961"}],"version-history":[{"count":1,"href":"https:\/\/sim.unemi.edu.ec\/index.php\/wp-json\/wp\/v2\/posts\/14961\/revisions"}],"predecessor-version":[{"id":14964,"href":"https:\/\/sim.unemi.edu.ec\/index.php\/wp-json\/wp\/v2\/posts\/14961\/revisions\/14964"}],"wp:featuredmedia":[{"embeddable":true,"href":"https:\/\/sim.unemi.edu.ec\/index.php\/wp-json\/wp\/v2\/media\/14963"}],"wp:attachment":[{"href":"https:\/\/sim.unemi.edu.ec\/index.php\/wp-json\/wp\/v2\/media?parent=14961"}],"wp:term":[{"taxonomy":"category","embeddable":true,"href":"https:\/\/sim.unemi.edu.ec\/index.php\/wp-json\/wp\/v2\/categories?post=14961"},{"taxonomy":"post_tag","embeddable":true,"href":"https:\/\/sim.unemi.edu.ec\/index.php\/wp-json\/wp\/v2\/tags?post=14961"}],"curies":[{"name":"wp","href":"https:\/\/api.w.org\/{rel}","templated":true}]}}