{"id":14967,"date":"2026-02-18T14:22:12","date_gmt":"2026-02-18T19:22:12","guid":{"rendered":"https:\/\/sim.unemi.edu.ec\/?p=14967"},"modified":"2026-02-18T14:22:13","modified_gmt":"2026-02-18T19:22:13","slug":"que-representa-el-miercoles-de-ceniza-para-los-catolicos","status":"publish","type":"post","link":"https:\/\/sim.unemi.edu.ec\/index.php\/2026\/02\/18\/que-representa-el-miercoles-de-ceniza-para-los-catolicos\/","title":{"rendered":"\u00bfQu\u00e9 representa el Mi\u00e9rcoles de Ceniza para los cat\u00f3licos?"},"content":{"rendered":"\n<p><em>Esta fecha marca el inicio de la Cuaresma, per\u00edodo de reflexi\u00f3n espiritual, penitencia y preparaci\u00f3n religiosa que antecede la celebraci\u00f3n cristiana de la Pascua en todo el mundo.<\/em><br><\/p>\n\n\n\n<figure class=\"wp-block-image size-full\"><img loading=\"lazy\" decoding=\"async\" width=\"621\" height=\"416\" src=\"https:\/\/sim.unemi.edu.ec\/wp-content\/uploads\/2026\/02\/foto-horizontal.jpg-2.jpeg\" alt=\"\" class=\"wp-image-14968\"\/><\/figure>\n\n\n\n<p>El Mi\u00e9rcoles de Ceniza constituye una de las fechas m\u00e1s significativas dentro del calendario lit\u00fargico de la Iglesia cat\u00f3lica, al marcar el inicio de la Cuaresma, un per\u00edodo de 40 d\u00edas dedicado a la reflexi\u00f3n, la penitencia y la preparaci\u00f3n espiritual previa a la Pascua.<\/p>\n\n\n\n<p>Esta jornada simboliza un llamado a la conversi\u00f3n personal y al arrepentimiento. Durante la ceremonia religiosa, los fieles reciben una cruz de ceniza en la frente mientras se pronuncia la frase: \u201cPolvo eres y en polvo te convertir\u00e1s\u201d, recordando la fragilidad humana y la importancia de la vida espiritual.<\/p>\n\n\n\n<p>La ceniza empleada en este rito proviene de las palmas bendecidas durante el Domingo de Ramos del a\u00f1o anterior. Estas son incineradas y posteriormente mezcladas con agua bendita y aceite de oliva, formando una sustancia que los sacerdotes utilizan para imponer la se\u00f1al de la cruz sobre los creyentes.<\/p>\n\n\n\n<p>Adem\u00e1s del significado simb\u00f3lico de la ceniza, esta fecha tambi\u00e9n est\u00e1 asociada a pr\u00e1cticas de sacrificio personal, como la abstinencia de carne. Esta tradici\u00f3n representa un acto de disciplina espiritual, que invita a los fieles a ejercer autocontrol, humildad y renovaci\u00f3n interior.<\/p>\n\n\n\n<p>M\u00e1s all\u00e1 de su car\u00e1cter ritual, el Mi\u00e9rcoles de Ceniza representa una oportunidad para la introspecci\u00f3n y el crecimiento espiritual, preparando a los creyentes para la conmemoraci\u00f3n de la resurrecci\u00f3n de Cristo durante la Pascua.<\/p>\n\n\n\n<p class=\"has-small-font-size\"><em><strong>Autora: <\/strong>Ma. Isabel Salazar Mu\u00f1oz &#8211; Practicante del Sistema Integrado de Medios (SIM).<\/em><\/p>\n\n\n\n<p><\/p>\n","protected":false},"excerpt":{"rendered":"<p>Esta fecha marca el inicio de la Cuaresma, per\u00edodo de reflexi\u00f3n espiritual, penitencia y preparaci\u00f3n religiosa que antecede la celebraci\u00f3n cristiana de la Pascua en todo el mundo. El Mi\u00e9rcoles de Ceniza constituye una de las fechas m\u00e1s significativas dentro del calendario lit\u00fargico de la Iglesia cat\u00f3lica, al marcar el inicio de la Cuaresma, un [&hellip;]<\/p>\n","protected":false},"author":8,"featured_media":14969,"comment_status":"open","ping_status":"open","sticky":false,"template":"","format":"standard","meta":{"footnotes":""},"categories":[1,81],"tags":[436,439,438,435,437],"class_list":["post-14967","post","type-post","status-publish","format-standard","has-post-thumbnail","hentry","category-nacionales","category-noticias","tag-cuaresma","tag-fe","tag-iglesia-catolica","tag-miercoles-de-ceniza","tag-religion"],"_links":{"self":[{"href":"https:\/\/sim.unemi.edu.ec\/index.php\/wp-json\/wp\/v2\/posts\/14967","targetHints":{"allow":["GET"]}}],"collection":[{"href":"https:\/\/sim.unemi.edu.ec\/index.php\/wp-json\/wp\/v2\/posts"}],"about":[{"href":"https:\/\/sim.unemi.edu.ec\/index.php\/wp-json\/wp\/v2\/types\/post"}],"author":[{"embeddable":true,"href":"https:\/\/sim.unemi.edu.ec\/index.php\/wp-json\/wp\/v2\/users\/8"}],"replies":[{"embeddable":true,"href":"https:\/\/sim.unemi.edu.ec\/index.php\/wp-json\/wp\/v2\/comments?post=14967"}],"version-history":[{"count":1,"href":"https:\/\/sim.unemi.edu.ec\/index.php\/wp-json\/wp\/v2\/posts\/14967\/revisions"}],"predecessor-version":[{"id":14970,"href":"https:\/\/sim.unemi.edu.ec\/index.php\/wp-json\/wp\/v2\/posts\/14967\/revisions\/14970"}],"wp:featuredmedia":[{"embeddable":true,"href":"https:\/\/sim.unemi.edu.ec\/index.php\/wp-json\/wp\/v2\/media\/14969"}],"wp:attachment":[{"href":"https:\/\/sim.unemi.edu.ec\/index.php\/wp-json\/wp\/v2\/media?parent=14967"}],"wp:term":[{"taxonomy":"category","embeddable":true,"href":"https:\/\/sim.unemi.edu.ec\/index.php\/wp-json\/wp\/v2\/categories?post=14967"},{"taxonomy":"post_tag","embeddable":true,"href":"https:\/\/sim.unemi.edu.ec\/index.php\/wp-json\/wp\/v2\/tags?post=14967"}],"curies":[{"name":"wp","href":"https:\/\/api.w.org\/{rel}","templated":true}]}}