{"id":14971,"date":"2026-02-18T14:26:50","date_gmt":"2026-02-18T19:26:50","guid":{"rendered":"https:\/\/sim.unemi.edu.ec\/?p=14971"},"modified":"2026-02-18T14:26:51","modified_gmt":"2026-02-18T19:26:51","slug":"guayaquil-enfrenta-inundaciones-tras-mas-de-seis-horas-de-lluvia","status":"publish","type":"post","link":"https:\/\/sim.unemi.edu.ec\/index.php\/2026\/02\/18\/guayaquil-enfrenta-inundaciones-tras-mas-de-seis-horas-de-lluvia\/","title":{"rendered":"Guayaquil enfrenta inundaciones tras m\u00e1s de seis horas de lluvia"},"content":{"rendered":"\n<p><em>Las intensas precipitaciones provocaron anegaciones en avenidas principales, afectando la movilidad, mientras autoridades ejecutan operativos y advierten continuidad de lluvias en la regi\u00f3n Costa.<\/em><br><\/p>\n\n\n\n<figure class=\"wp-block-image size-full\"><img loading=\"lazy\" decoding=\"async\" width=\"614\" height=\"344\" src=\"https:\/\/sim.unemi.edu.ec\/wp-content\/uploads\/2026\/02\/foto-horizontal-imagen-2.jpg.jpeg\" alt=\"\" class=\"wp-image-14972\"\/><\/figure>\n\n\n\n<p>Un intenso temporal afect\u00f3 a Guayaquil tras m\u00e1s de seis horas continuas de lluvia acompa\u00f1ada de tormenta el\u00e9ctrica, generando inundaciones en varias zonas y dificultando la circulaci\u00f3n vehicular.<\/p>\n\n\n\n<p>Desde la madrugada del mi\u00e9rcoles 18 de febrero, las precipitaciones persistentes provocaron acumulaci\u00f3n de agua en m\u00faltiples sectores. La empresa p\u00fablica Segura EP inform\u00f3 que el fen\u00f3meno clim\u00e1tico impact\u00f3 \u00e1reas residenciales y principales arterias viales de la ciudad.<\/p>\n\n\n\n<p>La Agencia de Tr\u00e1nsito y Movilidad (ATM) report\u00f3 anegaciones en puntos cr\u00edticos como la avenida 25 de Julio y Juan P\u00e9ndola, la V\u00eda Perimetral, la avenida Barcelona y sectores de Sauces 5 y Sauces 6, donde la circulaci\u00f3n result\u00f3 seriamente afectada.<\/p>\n\n\n\n<p>Ante la emergencia, equipos de Interagua y Emapag GYE desplegaron operativos para facilitar el drenaje del agua acumulada y atender las zonas afectadas. Las autoridades recomendaron a la ciudadan\u00eda evitar movilizarse por \u00e1reas inundadas debido a posibles riesgos.<\/p>\n\n\n\n<p>El Instituto Nacional de Meteorolog\u00eda e Hidrolog\u00eda (Inamhi) advirti\u00f3 que las lluvias podr\u00edan continuar durante la jornada e incluso intensificarse, mientras la pleamar alta complica el desfogue natural del agua.<\/p>\n\n\n\n<p class=\"has-small-font-size\"><em><strong>Autora:<\/strong> Lisbeth Alvarado Sernaque &#8211; Practicante del Sistema Integrado de Medios (SIM).<\/em><\/p>\n\n\n\n<p><\/p>\n","protected":false},"excerpt":{"rendered":"<p>Las intensas precipitaciones provocaron anegaciones en avenidas principales, afectando la movilidad, mientras autoridades ejecutan operativos y advierten continuidad de lluvias en la regi\u00f3n Costa. Un intenso temporal afect\u00f3 a Guayaquil tras m\u00e1s de seis horas continuas de lluvia acompa\u00f1ada de tormenta el\u00e9ctrica, generando inundaciones en varias zonas y dificultando la circulaci\u00f3n vehicular. Desde la madrugada [&hellip;]<\/p>\n","protected":false},"author":8,"featured_media":14973,"comment_status":"open","ping_status":"open","sticky":false,"template":"","format":"standard","meta":{"footnotes":""},"categories":[1,81],"tags":[442,386,268,441,440],"class_list":["post-14971","post","type-post","status-publish","format-standard","has-post-thumbnail","hentry","category-nacionales","category-noticias","tag-clima","tag-emergencia","tag-guayaquil","tag-inundaciones","tag-lluvias"],"_links":{"self":[{"href":"https:\/\/sim.unemi.edu.ec\/index.php\/wp-json\/wp\/v2\/posts\/14971","targetHints":{"allow":["GET"]}}],"collection":[{"href":"https:\/\/sim.unemi.edu.ec\/index.php\/wp-json\/wp\/v2\/posts"}],"about":[{"href":"https:\/\/sim.unemi.edu.ec\/index.php\/wp-json\/wp\/v2\/types\/post"}],"author":[{"embeddable":true,"href":"https:\/\/sim.unemi.edu.ec\/index.php\/wp-json\/wp\/v2\/users\/8"}],"replies":[{"embeddable":true,"href":"https:\/\/sim.unemi.edu.ec\/index.php\/wp-json\/wp\/v2\/comments?post=14971"}],"version-history":[{"count":1,"href":"https:\/\/sim.unemi.edu.ec\/index.php\/wp-json\/wp\/v2\/posts\/14971\/revisions"}],"predecessor-version":[{"id":14974,"href":"https:\/\/sim.unemi.edu.ec\/index.php\/wp-json\/wp\/v2\/posts\/14971\/revisions\/14974"}],"wp:featuredmedia":[{"embeddable":true,"href":"https:\/\/sim.unemi.edu.ec\/index.php\/wp-json\/wp\/v2\/media\/14973"}],"wp:attachment":[{"href":"https:\/\/sim.unemi.edu.ec\/index.php\/wp-json\/wp\/v2\/media?parent=14971"}],"wp:term":[{"taxonomy":"category","embeddable":true,"href":"https:\/\/sim.unemi.edu.ec\/index.php\/wp-json\/wp\/v2\/categories?post=14971"},{"taxonomy":"post_tag","embeddable":true,"href":"https:\/\/sim.unemi.edu.ec\/index.php\/wp-json\/wp\/v2\/tags?post=14971"}],"curies":[{"name":"wp","href":"https:\/\/api.w.org\/{rel}","templated":true}]}}