{"id":14975,"date":"2026-02-18T14:30:38","date_gmt":"2026-02-18T19:30:38","guid":{"rendered":"https:\/\/sim.unemi.edu.ec\/?p=14975"},"modified":"2026-02-18T14:30:39","modified_gmt":"2026-02-18T19:30:39","slug":"quito-recibe-el-trofeo-del-mundial-en-historica-visita","status":"publish","type":"post","link":"https:\/\/sim.unemi.edu.ec\/index.php\/2026\/02\/18\/quito-recibe-el-trofeo-del-mundial-en-historica-visita\/","title":{"rendered":"Quito recibe el trofeo del Mundial en hist\u00f3rica visita"},"content":{"rendered":"\n<p><strong><em>La capital ecuatoriana forma parte del recorrido internacional previo al torneo mundial, permitiendo a aficionados conocer el s\u00edmbolo m\u00e1ximo del f\u00fatbol.<\/em><\/strong><\/p>\n\n\n\n<figure class=\"wp-block-image size-full\"><img loading=\"lazy\" decoding=\"async\" width=\"614\" height=\"344\" src=\"https:\/\/sim.unemi.edu.ec\/wp-content\/uploads\/2026\/02\/foto-horizontal-3.jpg-2.jpeg\" alt=\"\" class=\"wp-image-14976\"\/><\/figure>\n\n\n\n<p>El trofeo de la Copa Mundial de la FIFA arrib\u00f3 a Quito el 17 de febrero de 2026 como parte de su recorrido internacional previo al torneo que se disputar\u00e1 en Norteam\u00e9rica.<\/p>\n\n\n\n<p>Esta visita forma parte del Tour del Trofeo de la Copa Mundial de la FIFA, una iniciativa que busca acercar el s\u00edmbolo m\u00e1ximo del f\u00fatbol a los aficionados mediante exhibiciones p\u00fablicas.<\/p>\n\n\n\n<p>Durante su estancia, los asistentes tuvieron la oportunidad de observar el trofeo de cerca, participar en experiencias interactivas y conocer m\u00e1s sobre la historia del torneo mundial.<\/p>\n\n\n\n<p>El recorrido global inici\u00f3 el 3 de enero en Arabia Saudita y contempla visitas a 75 ciudades en 30 pa\u00edses. Quito fue una de las pocas ciudades latinoamericanas seleccionadas.<\/p>\n\n\n\n<p>El trofeo, elaborado en oro macizo de 18 quilates, representa el mayor reconocimiento del f\u00fatbol mundial y normalmente se conserva en el Museo de la FIFA.<\/p>\n\n\n\n<p class=\"has-small-font-size\"><em><strong>Autora: <\/strong>Ma. Isabel Salazar Mu\u00f1oz &#8211; Practicante del Sistema Integrado de Medios (SIM).<\/em><\/p>\n\n\n\n<p><\/p>\n","protected":false},"excerpt":{"rendered":"<p>La capital ecuatoriana forma parte del recorrido internacional previo al torneo mundial, permitiendo a aficionados conocer el s\u00edmbolo m\u00e1ximo del f\u00fatbol. El trofeo de la Copa Mundial de la FIFA arrib\u00f3 a Quito el 17 de febrero de 2026 como parte de su recorrido internacional previo al torneo que se disputar\u00e1 en Norteam\u00e9rica. Esta visita [&hellip;]<\/p>\n","protected":false},"author":8,"featured_media":14977,"comment_status":"open","ping_status":"open","sticky":false,"template":"","format":"standard","meta":{"footnotes":""},"categories":[129,1,81],"tags":[443,149,444,309,445],"class_list":["post-14975","post","type-post","status-publish","format-standard","has-post-thumbnail","hentry","category-internacionales","category-nacionales","category-noticias","tag-fifa","tag-futbol-2","tag-mundial-2026","tag-quito","tag-trofeo"],"_links":{"self":[{"href":"https:\/\/sim.unemi.edu.ec\/index.php\/wp-json\/wp\/v2\/posts\/14975","targetHints":{"allow":["GET"]}}],"collection":[{"href":"https:\/\/sim.unemi.edu.ec\/index.php\/wp-json\/wp\/v2\/posts"}],"about":[{"href":"https:\/\/sim.unemi.edu.ec\/index.php\/wp-json\/wp\/v2\/types\/post"}],"author":[{"embeddable":true,"href":"https:\/\/sim.unemi.edu.ec\/index.php\/wp-json\/wp\/v2\/users\/8"}],"replies":[{"embeddable":true,"href":"https:\/\/sim.unemi.edu.ec\/index.php\/wp-json\/wp\/v2\/comments?post=14975"}],"version-history":[{"count":1,"href":"https:\/\/sim.unemi.edu.ec\/index.php\/wp-json\/wp\/v2\/posts\/14975\/revisions"}],"predecessor-version":[{"id":14978,"href":"https:\/\/sim.unemi.edu.ec\/index.php\/wp-json\/wp\/v2\/posts\/14975\/revisions\/14978"}],"wp:featuredmedia":[{"embeddable":true,"href":"https:\/\/sim.unemi.edu.ec\/index.php\/wp-json\/wp\/v2\/media\/14977"}],"wp:attachment":[{"href":"https:\/\/sim.unemi.edu.ec\/index.php\/wp-json\/wp\/v2\/media?parent=14975"}],"wp:term":[{"taxonomy":"category","embeddable":true,"href":"https:\/\/sim.unemi.edu.ec\/index.php\/wp-json\/wp\/v2\/categories?post=14975"},{"taxonomy":"post_tag","embeddable":true,"href":"https:\/\/sim.unemi.edu.ec\/index.php\/wp-json\/wp\/v2\/tags?post=14975"}],"curies":[{"name":"wp","href":"https:\/\/api.w.org\/{rel}","templated":true}]}}