{"id":14979,"date":"2026-02-19T16:18:10","date_gmt":"2026-02-19T21:18:10","guid":{"rendered":"https:\/\/sim.unemi.edu.ec\/?p=14979"},"modified":"2026-02-19T16:18:10","modified_gmt":"2026-02-19T21:18:10","slug":"corea-del-norte-exhibe-su-poder-militar-con-despliegue-masivo-de-misiles","status":"publish","type":"post","link":"https:\/\/sim.unemi.edu.ec\/index.php\/2026\/02\/19\/corea-del-norte-exhibe-su-poder-militar-con-despliegue-masivo-de-misiles\/","title":{"rendered":"Corea del Norte exhibe su poder militar con despliegue masivo de misiles"},"content":{"rendered":"\n<p><em>Una masiva exhibici\u00f3n de misiles acompa\u00f1\u00f3 la llegada de Kim Jong-un, demostrando el programa militar norcoreano y provocando preocupaci\u00f3n en parte de la comunidad internacional.<\/em><br><\/p>\n\n\n\n<figure class=\"wp-block-image size-full\"><img loading=\"lazy\" decoding=\"async\" width=\"566\" height=\"376\" src=\"https:\/\/sim.unemi.edu.ec\/wp-content\/uploads\/2026\/02\/foto-1.jpg-6.jpeg\" alt=\"\" class=\"wp-image-14980\"\/><\/figure>\n\n\n\n<p>En una demostraci\u00f3n militar sin precedentes, Corea del Norte present\u00f3 cientos de misiles durante los actos de apertura previos al congreso del Partido de los Trabajadores, considerado el evento pol\u00edtico m\u00e1s relevante del r\u00e9gimen. La llegada del l\u00edder Kim Jong-un estuvo marcada por un despliegue propagand\u00edstico y militar que busc\u00f3 reafirmar la capacidad estrat\u00e9gica del pa\u00eds.<\/p>\n\n\n\n<p>El acto fue calificado por observadores como un \u201cba\u00f1o de masas monumental\u201d, debido a la gran movilizaci\u00f3n de ciudadanos y a la impresionante cantidad de veh\u00edculos militares que transportaban el arsenal por las principales avenidas de Pyongyang. La puesta en escena reforz\u00f3 la narrativa oficial de fortaleza nacional y cohesi\u00f3n pol\u00edtica en torno al liderazgo del r\u00e9gimen.<\/p>\n\n\n\n<p>Las im\u00e1genes difundidas por medios estatales evidencian extensas caravanas de lanzamisiles escoltadas por autoridades civiles y militares. Desde el estrado, el l\u00edder norcoreano salud\u00f3 a miles de asistentes que coreaban consignas en respaldo al gobierno y a sus pol\u00edticas de defensa.<\/p>\n\n\n\n<p>La exhibici\u00f3n incluy\u00f3 misiles de largo alcance, algunos aparentemente modernizados, lo que gener\u00f3 preocupaci\u00f3n internacional, especialmente en Estados Unidos, Corea del Sur y Jap\u00f3n, pa\u00edses que monitorean de cerca el avance del programa armament\u00edstico norcoreano.<\/p>\n\n\n\n<p class=\"has-small-font-size\"><em><strong>Autora:<\/strong> Mar\u00eda Isabel Salazar &#8211; Practicante del Sistema Integrado de Medios (SIM).<\/em><\/p>\n\n\n\n<p><\/p>\n","protected":false},"excerpt":{"rendered":"<p>Una masiva exhibici\u00f3n de misiles acompa\u00f1\u00f3 la llegada de Kim Jong-un, demostrando el programa militar norcoreano y provocando preocupaci\u00f3n en parte de la comunidad internacional. En una demostraci\u00f3n militar sin precedentes, Corea del Norte present\u00f3 cientos de misiles durante los actos de apertura previos al congreso del Partido de los Trabajadores, considerado el evento pol\u00edtico [&hellip;]<\/p>\n","protected":false},"author":8,"featured_media":14981,"comment_status":"open","ping_status":"open","sticky":false,"template":"","format":"standard","meta":{"footnotes":""},"categories":[129,81],"tags":[446,449,448,447,450],"class_list":["post-14979","post","type-post","status-publish","format-standard","has-post-thumbnail","hentry","category-internacionales","category-noticias","tag-corea-del-norte","tag-defensa","tag-kim-jong-un","tag-misiles","tag-tension-internacional"],"_links":{"self":[{"href":"https:\/\/sim.unemi.edu.ec\/index.php\/wp-json\/wp\/v2\/posts\/14979","targetHints":{"allow":["GET"]}}],"collection":[{"href":"https:\/\/sim.unemi.edu.ec\/index.php\/wp-json\/wp\/v2\/posts"}],"about":[{"href":"https:\/\/sim.unemi.edu.ec\/index.php\/wp-json\/wp\/v2\/types\/post"}],"author":[{"embeddable":true,"href":"https:\/\/sim.unemi.edu.ec\/index.php\/wp-json\/wp\/v2\/users\/8"}],"replies":[{"embeddable":true,"href":"https:\/\/sim.unemi.edu.ec\/index.php\/wp-json\/wp\/v2\/comments?post=14979"}],"version-history":[{"count":1,"href":"https:\/\/sim.unemi.edu.ec\/index.php\/wp-json\/wp\/v2\/posts\/14979\/revisions"}],"predecessor-version":[{"id":14982,"href":"https:\/\/sim.unemi.edu.ec\/index.php\/wp-json\/wp\/v2\/posts\/14979\/revisions\/14982"}],"wp:featuredmedia":[{"embeddable":true,"href":"https:\/\/sim.unemi.edu.ec\/index.php\/wp-json\/wp\/v2\/media\/14981"}],"wp:attachment":[{"href":"https:\/\/sim.unemi.edu.ec\/index.php\/wp-json\/wp\/v2\/media?parent=14979"}],"wp:term":[{"taxonomy":"category","embeddable":true,"href":"https:\/\/sim.unemi.edu.ec\/index.php\/wp-json\/wp\/v2\/categories?post=14979"},{"taxonomy":"post_tag","embeddable":true,"href":"https:\/\/sim.unemi.edu.ec\/index.php\/wp-json\/wp\/v2\/tags?post=14979"}],"curies":[{"name":"wp","href":"https:\/\/api.w.org\/{rel}","templated":true}]}}