{"id":14983,"date":"2026-02-19T16:20:43","date_gmt":"2026-02-19T21:20:43","guid":{"rendered":"https:\/\/sim.unemi.edu.ec\/?p=14983"},"modified":"2026-02-19T16:20:43","modified_gmt":"2026-02-19T21:20:43","slug":"nueva-masacre-en-guayaquil-sicarios-asesinan-a-cuatro-personas-en-un-parque-de-las-orquideas","status":"publish","type":"post","link":"https:\/\/sim.unemi.edu.ec\/index.php\/2026\/02\/19\/nueva-masacre-en-guayaquil-sicarios-asesinan-a-cuatro-personas-en-un-parque-de-las-orquideas\/","title":{"rendered":"Nueva masacre en Guayaquil: sicarios asesinan a cuatro personas en un parque de Las Orqu\u00eddeas"},"content":{"rendered":"\n<p><em>El hecho evidencia el incremento de la inseguridad en la urbe porte\u00f1a, donde grupos armados contin\u00faan ejecutando ataques en espacios p\u00fablicos.<\/em><br><\/p>\n\n\n\n<figure class=\"wp-block-image size-full\"><img loading=\"lazy\" decoding=\"async\" width=\"601\" height=\"338\" src=\"https:\/\/sim.unemi.edu.ec\/wp-content\/uploads\/2026\/02\/2.jpg-1-1.jpeg\" alt=\"\" class=\"wp-image-14984\"\/><\/figure>\n\n\n\n<p>La violencia criminal volvi\u00f3 a golpear a Guayaquil tras un ataque armado ocurrido la medianoche del mi\u00e9rcoles en el parque del sector Las Orqu\u00eddeas, donde cuatro personas fueron asesinadas y dos m\u00e1s resultaron heridas. El hecho se registr\u00f3 en un \u00e1rea recreativa cercana a una unidad educativa, generando alarma entre los residentes.<\/p>\n\n\n\n<p>Seg\u00fan reportes preliminares, varios sicarios irrumpieron en el lugar y dispararon de manera indiscriminada contra un grupo de ciudadanos que se encontraba reunido. La violencia del ataque qued\u00f3 evidenciada en la escena, donde se contabilizaron m\u00e1s de 50 detonaciones.<\/p>\n\n\n\n<p>El sonido de los disparos provoc\u00f3 p\u00e1nico en la comunidad, cuyos habitantes alertaron a las autoridades inmediatamente. Equipos de Criminal\u00edstica acudieron al sitio para recopilar evidencias bal\u00edsticas que permitan esclarecer lo ocurrido.<\/p>\n\n\n\n<p>Las v\u00edctimas heridas fueron trasladadas a centros de salud, donde permanecen bajo atenci\u00f3n m\u00e9dica. Mientras tanto, las autoridades contin\u00faan las investigaciones para identificar a los responsables y determinar las causas del ataque.<\/p>\n\n\n\n<p class=\"has-small-font-size\"><em><strong>Autora:<\/strong> Milena Mosquera Castro &#8211; Practicante del Sistema Integrado de Medios (SIM).<\/em><\/p>\n\n\n\n<p><\/p>\n","protected":false},"excerpt":{"rendered":"<p>El hecho evidencia el incremento de la inseguridad en la urbe porte\u00f1a, donde grupos armados contin\u00faan ejecutando ataques en espacios p\u00fablicos. La violencia criminal volvi\u00f3 a golpear a Guayaquil tras un ataque armado ocurrido la medianoche del mi\u00e9rcoles en el parque del sector Las Orqu\u00eddeas, donde cuatro personas fueron asesinadas y dos m\u00e1s resultaron heridas. [&hellip;]<\/p>\n","protected":false},"author":8,"featured_media":14985,"comment_status":"open","ping_status":"open","sticky":false,"template":"","format":"standard","meta":{"footnotes":""},"categories":[1,81],"tags":[452,268,250,451,146],"class_list":["post-14983","post","type-post","status-publish","format-standard","has-post-thumbnail","hentry","category-nacionales","category-noticias","tag-criminalistica","tag-guayaquil","tag-inseguridad","tag-sicarios","tag-violencia"],"_links":{"self":[{"href":"https:\/\/sim.unemi.edu.ec\/index.php\/wp-json\/wp\/v2\/posts\/14983","targetHints":{"allow":["GET"]}}],"collection":[{"href":"https:\/\/sim.unemi.edu.ec\/index.php\/wp-json\/wp\/v2\/posts"}],"about":[{"href":"https:\/\/sim.unemi.edu.ec\/index.php\/wp-json\/wp\/v2\/types\/post"}],"author":[{"embeddable":true,"href":"https:\/\/sim.unemi.edu.ec\/index.php\/wp-json\/wp\/v2\/users\/8"}],"replies":[{"embeddable":true,"href":"https:\/\/sim.unemi.edu.ec\/index.php\/wp-json\/wp\/v2\/comments?post=14983"}],"version-history":[{"count":1,"href":"https:\/\/sim.unemi.edu.ec\/index.php\/wp-json\/wp\/v2\/posts\/14983\/revisions"}],"predecessor-version":[{"id":14986,"href":"https:\/\/sim.unemi.edu.ec\/index.php\/wp-json\/wp\/v2\/posts\/14983\/revisions\/14986"}],"wp:featuredmedia":[{"embeddable":true,"href":"https:\/\/sim.unemi.edu.ec\/index.php\/wp-json\/wp\/v2\/media\/14985"}],"wp:attachment":[{"href":"https:\/\/sim.unemi.edu.ec\/index.php\/wp-json\/wp\/v2\/media?parent=14983"}],"wp:term":[{"taxonomy":"category","embeddable":true,"href":"https:\/\/sim.unemi.edu.ec\/index.php\/wp-json\/wp\/v2\/categories?post=14983"},{"taxonomy":"post_tag","embeddable":true,"href":"https:\/\/sim.unemi.edu.ec\/index.php\/wp-json\/wp\/v2\/tags?post=14983"}],"curies":[{"name":"wp","href":"https:\/\/api.w.org\/{rel}","templated":true}]}}