{"id":14992,"date":"2026-02-20T16:55:31","date_gmt":"2026-02-20T21:55:31","guid":{"rendered":"https:\/\/sim.unemi.edu.ec\/?p=14992"},"modified":"2026-02-20T16:55:31","modified_gmt":"2026-02-20T21:55:31","slug":"nuevo-ano-lectivo-iniciara-el-4-de-mayo","status":"publish","type":"post","link":"https:\/\/sim.unemi.edu.ec\/index.php\/2026\/02\/20\/nuevo-ano-lectivo-iniciara-el-4-de-mayo\/","title":{"rendered":"Nuevo a\u00f1o lectivo iniciar\u00e1 el 4 de mayo"},"content":{"rendered":"\n<p><em>El sistema educativo fiscal coordina la transici\u00f3n acad\u00e9mica con participaci\u00f3n docente, inversi\u00f3n estatal en mantenimiento y programas de nivelaci\u00f3n para facilitar ingreso universitario en Ecuador.<\/em><br><\/p>\n\n\n\n<figure class=\"wp-block-image size-full\"><img loading=\"lazy\" decoding=\"async\" width=\"622\" height=\"347\" src=\"https:\/\/sim.unemi.edu.ec\/wp-content\/uploads\/2026\/02\/foto.jpg.jpeg\" alt=\"\" class=\"wp-image-14993\"\/><\/figure>\n\n\n\n<p>El Ministerio de Educaci\u00f3n confirm\u00f3 el cronograma oficial del pr\u00f3ximo ciclo lectivo en el r\u00e9gimen Costa\u2013Gal\u00e1pagos, que iniciar\u00e1 el 4 de mayo de 2026, seg\u00fan anunci\u00f3 la ministra Gilda Alc\u00edvar. Esta planificaci\u00f3n se da mientras cerca de 1,8 millones de estudiantes concluyen el periodo acad\u00e9mico vigente.<\/p>\n\n\n\n<p>De acuerdo con la autoridad educativa, el actual a\u00f1o lectivo finalizar\u00e1 el 26 de febrero de 2026. La organizaci\u00f3n anticipada permitir\u00e1 coordinar el funcionamiento de 7.572 instituciones fiscales en el pa\u00eds. \u201cEstamos asegurando que todo el sistema educativo funcione de manera ordenada y segura\u201d, destac\u00f3 la ministra Gilda Alc\u00edvar.<\/p>\n\n\n\n<p>El cierre del ciclo tambi\u00e9n marca el inicio del trabajo t\u00e9cnico de aproximadamente 83.000 docentes, quienes participar\u00e1n en procesos de evaluaci\u00f3n, planificaci\u00f3n y transici\u00f3n acad\u00e9mica. Paralelamente, el Estado destinar\u00e1 alrededor de 50 millones de d\u00f3lares al mantenimiento preventivo de la infraestructura escolar, especialmente ante los riesgos de la temporada invernal.<\/p>\n\n\n\n<p>En el \u00e1mbito universitario, Ecuador dispone de 33 universidades y escuelas polit\u00e9cnicas, adem\u00e1s de 54 institutos y conservatorios. M\u00e1s de 53.000 aspirantes rendir\u00e1n el examen de acceso entre el 10 y el 12 de febrero de 2026. El programa de nivelaci\u00f3n Imp\u00falsaT registra una participaci\u00f3n hist\u00f3rica de 13.000 estudiantes, lo que refleja una creciente demanda de acceso a la educaci\u00f3n superior.<\/p>\n\n\n\n<p>En materia de apoyo econ\u00f3mico, el Gobierno ha entregado m\u00e1s de 482.000 becas y ayudas acad\u00e9micas, beneficiando principalmente a mujeres. Solo en 2025, 373.000 ciudadanos accedieron a estos programas. \u201cGarantizamos oportunidades para todos, sin importar g\u00e9nero o condici\u00f3n social\u201d, afirm\u00f3 Alc\u00edvar.<\/p>\n\n\n\n<p class=\"has-small-font-size\"><em><strong>Autora:<\/strong> Ma. Isabel Salazar &#8211; Practicante del Sistema Integrado de Medios (SIM)<\/em><\/p>\n\n\n\n<p><\/p>\n","protected":false},"excerpt":{"rendered":"<p>El sistema educativo fiscal coordina la transici\u00f3n acad\u00e9mica con participaci\u00f3n docente, inversi\u00f3n estatal en mantenimiento y programas de nivelaci\u00f3n para facilitar ingreso universitario en Ecuador. El Ministerio de Educaci\u00f3n confirm\u00f3 el cronograma oficial del pr\u00f3ximo ciclo lectivo en el r\u00e9gimen Costa\u2013Gal\u00e1pagos, que iniciar\u00e1 el 4 de mayo de 2026, seg\u00fan anunci\u00f3 la ministra Gilda Alc\u00edvar. [&hellip;]<\/p>\n","protected":false},"author":8,"featured_media":14994,"comment_status":"open","ping_status":"open","sticky":false,"template":"","format":"standard","meta":{"footnotes":""},"categories":[1,81],"tags":[288,458,185,369,457],"class_list":["post-14992","post","type-post","status-publish","format-standard","has-post-thumbnail","hentry","category-nacionales","category-noticias","tag-becas","tag-calendario","tag-ecuador","tag-educacion","tag-estudiantes"],"_links":{"self":[{"href":"https:\/\/sim.unemi.edu.ec\/index.php\/wp-json\/wp\/v2\/posts\/14992","targetHints":{"allow":["GET"]}}],"collection":[{"href":"https:\/\/sim.unemi.edu.ec\/index.php\/wp-json\/wp\/v2\/posts"}],"about":[{"href":"https:\/\/sim.unemi.edu.ec\/index.php\/wp-json\/wp\/v2\/types\/post"}],"author":[{"embeddable":true,"href":"https:\/\/sim.unemi.edu.ec\/index.php\/wp-json\/wp\/v2\/users\/8"}],"replies":[{"embeddable":true,"href":"https:\/\/sim.unemi.edu.ec\/index.php\/wp-json\/wp\/v2\/comments?post=14992"}],"version-history":[{"count":1,"href":"https:\/\/sim.unemi.edu.ec\/index.php\/wp-json\/wp\/v2\/posts\/14992\/revisions"}],"predecessor-version":[{"id":14995,"href":"https:\/\/sim.unemi.edu.ec\/index.php\/wp-json\/wp\/v2\/posts\/14992\/revisions\/14995"}],"wp:featuredmedia":[{"embeddable":true,"href":"https:\/\/sim.unemi.edu.ec\/index.php\/wp-json\/wp\/v2\/media\/14994"}],"wp:attachment":[{"href":"https:\/\/sim.unemi.edu.ec\/index.php\/wp-json\/wp\/v2\/media?parent=14992"}],"wp:term":[{"taxonomy":"category","embeddable":true,"href":"https:\/\/sim.unemi.edu.ec\/index.php\/wp-json\/wp\/v2\/categories?post=14992"},{"taxonomy":"post_tag","embeddable":true,"href":"https:\/\/sim.unemi.edu.ec\/index.php\/wp-json\/wp\/v2\/tags?post=14992"}],"curies":[{"name":"wp","href":"https:\/\/api.w.org\/{rel}","templated":true}]}}