{"id":15000,"date":"2026-02-20T17:26:01","date_gmt":"2026-02-20T22:26:01","guid":{"rendered":"https:\/\/sim.unemi.edu.ec\/?p=15000"},"modified":"2026-02-20T17:26:02","modified_gmt":"2026-02-20T22:26:02","slug":"fallece-actor-de-greys-anatomy","status":"publish","type":"post","link":"https:\/\/sim.unemi.edu.ec\/index.php\/2026\/02\/20\/fallece-actor-de-greys-anatomy\/","title":{"rendered":"Fallece actor de Grey\u2019s Anatomy"},"content":{"rendered":"\n<p><em>Eric Dane dej\u00f3 huella en televisi\u00f3n internacional con personajes emblem\u00e1ticos, mientras impuls\u00f3 investigaci\u00f3n cient\u00edfica y visibilizaci\u00f3n p\u00fablica sobre enfermedades neurodegenerativas antes de fallecer.<\/em><br><\/p>\n\n\n\n<figure class=\"wp-block-image size-full\"><img loading=\"lazy\" decoding=\"async\" width=\"602\" height=\"401\" src=\"https:\/\/sim.unemi.edu.ec\/wp-content\/uploads\/2026\/02\/foto-3.jpg-1.jpeg\" alt=\"\" class=\"wp-image-15001\"\/><\/figure>\n\n\n\n<p>La industria del entretenimiento internacional lamenta la muerte del actor Eric Dane, quien falleci\u00f3 el 19 de febrero de 2026 a los 53 a\u00f1os, tras enfrentar una batalla contra la esclerosis lateral amiotr\u00f3fica (ELA), enfermedad neurodegenerativa diagnosticada en 2025.<\/p>\n\n\n\n<p>El int\u00e9rprete alcanz\u00f3 reconocimiento mundial por su papel como el Dr. Mark Sloan en Grey\u2019s Anatomy y por su actuaci\u00f3n como Cal Jacobs en Euphoria. Su versatilidad art\u00edstica y presencia en pantalla lo consolidaron como una figura destacada en producciones televisivas contempor\u00e1neas.<\/p>\n\n\n\n<p>Durante su enfermedad, Dane decidi\u00f3 utilizar su experiencia personal para generar conciencia sobre la ELA y promover la investigaci\u00f3n cient\u00edfica. Sus allegados destacaron su fortaleza emocional y compromiso humano. \u00abEric decidi\u00f3 que su \u00faltima gran actuaci\u00f3n ser\u00eda la de un defensor de la esperanza\u00bb, se\u00f1alaron sus familiares.<\/p>\n\n\n\n<p>Su partida deja una profunda huella en la industria audiovisual y entre sus seguidores, quienes reconocen su legado art\u00edstico y su aporte a la visibilizaci\u00f3n de enfermedades neurodegenerativas.<\/p>\n\n\n\n<p class=\"has-small-font-size\"><em><strong>Autora:<\/strong> Milena Mosquera Castro &#8211; Practicante del Sistema Integrado de Medios (SIM).<\/em><\/p>\n\n\n\n<p><\/p>\n","protected":false},"excerpt":{"rendered":"<p>Eric Dane dej\u00f3 huella en televisi\u00f3n internacional con personajes emblem\u00e1ticos, mientras impuls\u00f3 investigaci\u00f3n cient\u00edfica y visibilizaci\u00f3n p\u00fablica sobre enfermedades neurodegenerativas antes de fallecer. La industria del entretenimiento internacional lamenta la muerte del actor Eric Dane, quien falleci\u00f3 el 19 de febrero de 2026 a los 53 a\u00f1os, tras enfrentar una batalla contra la esclerosis lateral [&hellip;]<\/p>\n","protected":false},"author":8,"featured_media":15002,"comment_status":"open","ping_status":"open","sticky":false,"template":"","format":"standard","meta":{"footnotes":""},"categories":[129,81],"tags":[213,464,462,465,463],"class_list":["post-15000","post","type-post","status-publish","format-standard","has-post-thumbnail","hentry","category-internacionales","category-noticias","tag-actor","tag-ela","tag-eric-dane","tag-hollywood","tag-television"],"_links":{"self":[{"href":"https:\/\/sim.unemi.edu.ec\/index.php\/wp-json\/wp\/v2\/posts\/15000","targetHints":{"allow":["GET"]}}],"collection":[{"href":"https:\/\/sim.unemi.edu.ec\/index.php\/wp-json\/wp\/v2\/posts"}],"about":[{"href":"https:\/\/sim.unemi.edu.ec\/index.php\/wp-json\/wp\/v2\/types\/post"}],"author":[{"embeddable":true,"href":"https:\/\/sim.unemi.edu.ec\/index.php\/wp-json\/wp\/v2\/users\/8"}],"replies":[{"embeddable":true,"href":"https:\/\/sim.unemi.edu.ec\/index.php\/wp-json\/wp\/v2\/comments?post=15000"}],"version-history":[{"count":1,"href":"https:\/\/sim.unemi.edu.ec\/index.php\/wp-json\/wp\/v2\/posts\/15000\/revisions"}],"predecessor-version":[{"id":15003,"href":"https:\/\/sim.unemi.edu.ec\/index.php\/wp-json\/wp\/v2\/posts\/15000\/revisions\/15003"}],"wp:featuredmedia":[{"embeddable":true,"href":"https:\/\/sim.unemi.edu.ec\/index.php\/wp-json\/wp\/v2\/media\/15002"}],"wp:attachment":[{"href":"https:\/\/sim.unemi.edu.ec\/index.php\/wp-json\/wp\/v2\/media?parent=15000"}],"wp:term":[{"taxonomy":"category","embeddable":true,"href":"https:\/\/sim.unemi.edu.ec\/index.php\/wp-json\/wp\/v2\/categories?post=15000"},{"taxonomy":"post_tag","embeddable":true,"href":"https:\/\/sim.unemi.edu.ec\/index.php\/wp-json\/wp\/v2\/tags?post=15000"}],"curies":[{"name":"wp","href":"https:\/\/api.w.org\/{rel}","templated":true}]}}