{"id":15005,"date":"2026-02-25T16:48:07","date_gmt":"2026-02-25T21:48:07","guid":{"rendered":"https:\/\/sim.unemi.edu.ec\/?p=15005"},"modified":"2026-02-25T16:48:08","modified_gmt":"2026-02-25T21:48:08","slug":"edunemi-incorpora-a-sus-primeros-bachilleres-online","status":"publish","type":"post","link":"https:\/\/sim.unemi.edu.ec\/index.php\/2026\/02\/25\/edunemi-incorpora-a-sus-primeros-bachilleres-online\/","title":{"rendered":"EDUNEMI incorpora\u00a0a sus primeros bachilleres online"},"content":{"rendered":"\n<p><strong><em>La instituci\u00f3n marca un hito educativo con la incorporaci\u00f3n\u00a0oficial\u00a0de su primera promoci\u00f3n, fortaleciendo el acceso\u00a0a la educaci\u00f3n secundaria.<\/em><\/strong><\/p>\n\n\n\n<figure class=\"wp-block-gallery has-nested-images columns-default is-cropped wp-block-gallery-1 is-layout-flex wp-block-gallery-is-layout-flex\">\n<figure class=\"wp-block-image size-large\"><img loading=\"lazy\" decoding=\"async\" width=\"1024\" height=\"747\" data-id=\"15007\" src=\"https:\/\/sim.unemi.edu.ec\/wp-content\/uploads\/2026\/02\/graduacion-edunemi-1-1024x747.png\" alt=\"\" class=\"wp-image-15007\"\/><\/figure>\n<\/figure>\n\n\n\n<p>En el marco de su aniversario institucional, el Colegio de Bachillerato Online EDUNEMI celebr\u00f3 la incorporaci\u00f3n de su primera promoci\u00f3n de bachilleres,&nbsp;durante una sesi\u00f3n solemne realizada en&nbsp;el auditorio \u201cW\u201d de la&nbsp;Universidad Estatal de Milagro(UNEMI).<\/p>\n\n\n\n<p>El acto reuni\u00f3 a autoridades acad\u00e9micas, estudiantes, familiares e invitados especiales, consolidando un hito hist\u00f3rico para esta modalidad educativa que ampl\u00eda el acceso a la formaci\u00f3n secundaria en entornos virtuales.<\/p>\n\n\n\n<p>La ceremonia incluy\u00f3&nbsp;la firma de un convenio de cooperaci\u00f3n acad\u00e9mica entre el colegio y el&nbsp;International American&nbsp;Institute, acuerdo que busca fortalecer la internacionalizaci\u00f3n educativa y generar nuevas oportunidades de formaci\u00f3n para los&nbsp;futuros bachilleres de EDUNEMI.<\/p>\n\n\n\n<p>Uno de los momentos m\u00e1s emotivos fue la lectura del acta de incorporaci\u00f3n, a cargo de la vicerrectora del plantel,&nbsp;Mgs.&nbsp;Mariuxi&nbsp;Tuquinga, quien destac\u00f3 el esfuerzo y la perseverancia de los graduados. Posteriormente,&nbsp;el rector,&nbsp;Mgs.&nbsp;F\u00e9lix Chenche, tom\u00f3 el juramento a los neo bachilleres, formalizando su incorporaci\u00f3n.&nbsp;<\/p>\n\n\n\n<p>El evento cont\u00f3 con la presentaci\u00f3n art\u00edstica de&nbsp;David Alfaro&nbsp;y&nbsp;Ronny&nbsp;Aucay,&nbsp;integrantes de la Gesti\u00f3n de Difusi\u00f3n Cultural y Art\u00edstica de la Universidad, quienes deleitaron a los asistentes con interpretaciones en viol\u00edn y canto, respectivamente.<\/p>\n\n\n\n<p>Luego de la investidura y entrega de t\u00edtulos&nbsp;de&nbsp;esta primera promoci\u00f3n, se reconoci\u00f3 el m\u00e9rito acad\u00e9mico&nbsp;de la mejor bachiller, Melissa Yolanda Alem\u00e1n Murillo, quien recibi\u00f3 la medalla de honor de manos del&nbsp;rector. Asimismo, se otorgaron menciones a los estudiantes Geovanny&nbsp;Llaguno,&nbsp;Alessia&nbsp;L\u00f3pez y&nbsp;Coraima&nbsp;Castro, en reconocimiento a sus destacados promedios.<\/p>\n\n\n\n<p>La ceremonia tambi\u00e9n incluy\u00f3 intervenciones de autoridades e invitados especiales, quienes coincidieron en resaltar el impacto social de esta modalidad educativa&nbsp;online, que&nbsp;ha permitido&nbsp;contribuir&nbsp;con&nbsp;la democratizaci\u00f3n del conocimiento.<\/p>\n\n\n\n<p>La clausura estuvo a cargo del&nbsp;secretario general de EDUNEMI,&nbsp;Dr. Juan Valenzuela,&nbsp;quien destac\u00f3 la trascendencia&nbsp;del evento&nbsp;y&nbsp;el compromiso institucional con la innovaci\u00f3n educativa.<\/p>\n\n\n\n<p>Con este hist\u00f3rico acto&nbsp;y la consolidaci\u00f3n de alianzas estrat\u00e9gicas,&nbsp;EDUNEMI celebr\u00f3, adem\u00e1s de la graduaci\u00f3n de sus primeros nueve bachilleres en Ciencias, tambi\u00e9n el primer aniversario de la Instituci\u00f3n.<\/p>\n\n\n\n<p class=\"has-small-font-size\"><em><strong>Autor:<\/strong> Redacci\u00f3n SIM.<\/em><\/p>\n\n\n\n<p><\/p>\n","protected":false},"excerpt":{"rendered":"<p>La instituci\u00f3n marca un hito educativo con la incorporaci\u00f3n\u00a0oficial\u00a0de su primera promoci\u00f3n, fortaleciendo el acceso\u00a0a la educaci\u00f3n secundaria. En el marco de su aniversario institucional, el Colegio de Bachillerato Online EDUNEMI celebr\u00f3 la incorporaci\u00f3n de su primera promoci\u00f3n de bachilleres,&nbsp;durante una sesi\u00f3n solemne realizada en&nbsp;el auditorio \u201cW\u201d de la&nbsp;Universidad Estatal de Milagro(UNEMI). El acto reuni\u00f3 [&hellip;]<\/p>\n","protected":false},"author":3,"featured_media":15008,"comment_status":"open","ping_status":"open","sticky":false,"template":"","format":"standard","meta":{"footnotes":""},"categories":[81,80],"tags":[420,418,466,110],"class_list":["post-15005","post","type-post","status-publish","format-standard","has-post-thumbnail","hentry","category-noticias","category-noticias_institucionales","tag-bachillerato-online","tag-edunemi","tag-graduaciones","tag-unemi-2"],"_links":{"self":[{"href":"https:\/\/sim.unemi.edu.ec\/index.php\/wp-json\/wp\/v2\/posts\/15005","targetHints":{"allow":["GET"]}}],"collection":[{"href":"https:\/\/sim.unemi.edu.ec\/index.php\/wp-json\/wp\/v2\/posts"}],"about":[{"href":"https:\/\/sim.unemi.edu.ec\/index.php\/wp-json\/wp\/v2\/types\/post"}],"author":[{"embeddable":true,"href":"https:\/\/sim.unemi.edu.ec\/index.php\/wp-json\/wp\/v2\/users\/3"}],"replies":[{"embeddable":true,"href":"https:\/\/sim.unemi.edu.ec\/index.php\/wp-json\/wp\/v2\/comments?post=15005"}],"version-history":[{"count":1,"href":"https:\/\/sim.unemi.edu.ec\/index.php\/wp-json\/wp\/v2\/posts\/15005\/revisions"}],"predecessor-version":[{"id":15009,"href":"https:\/\/sim.unemi.edu.ec\/index.php\/wp-json\/wp\/v2\/posts\/15005\/revisions\/15009"}],"wp:featuredmedia":[{"embeddable":true,"href":"https:\/\/sim.unemi.edu.ec\/index.php\/wp-json\/wp\/v2\/media\/15008"}],"wp:attachment":[{"href":"https:\/\/sim.unemi.edu.ec\/index.php\/wp-json\/wp\/v2\/media?parent=15005"}],"wp:term":[{"taxonomy":"category","embeddable":true,"href":"https:\/\/sim.unemi.edu.ec\/index.php\/wp-json\/wp\/v2\/categories?post=15005"},{"taxonomy":"post_tag","embeddable":true,"href":"https:\/\/sim.unemi.edu.ec\/index.php\/wp-json\/wp\/v2\/tags?post=15005"}],"curies":[{"name":"wp","href":"https:\/\/api.w.org\/{rel}","templated":true}]}}